{"id":116891,"date":"2025-10-17T22:19:09","date_gmt":"2025-10-17T22:19:09","guid":{"rendered":"https:\/\/primicias2262.com\/noticias\/?p=116891"},"modified":"2025-10-17T22:19:09","modified_gmt":"2025-10-17T22:19:09","slug":"tension-en-la-andis-familiares-ingresaron-al-edificio-y-pedian-abrir-un-canal-de-dialogo-con-autoridades","status":"publish","type":"post","link":"https:\/\/primicias2262.com\/noticias\/tension-en-la-andis-familiares-ingresaron-al-edificio-y-pedian-abrir-un-canal-de-dialogo-con-autoridades\/","title":{"rendered":"Tensi\u00f3n en la ANDIS: familiares ingresaron al edificio y ped\u00edan abrir un canal de di\u00e1logo con autoridades"},"content":{"rendered":"<p>Un grupo de manifestantes\u00a0<strong>ingresaron hoy a la sede central de la Agencia Nacional de Discapacidad (ANDIS) y protagonizaron incidentes al haber ingresado por la fuerza<\/strong>\u00a0con el fin de abrir un di\u00e1logo con autoridades de la entidad, ubicada en el barrio porte\u00f1o de Belgrano.<\/p>\n<p>\u201cEsta reuni\u00f3n era para\u00a0<strong>exigirle a (Alejandro) Vilches y todo el directorio que se junten para tratar el aumento del nomenclador<\/strong>. Ayer anunci\u00f3 que se juntaba el directorio, nos pusimos recontentos, y\u00a0<strong>a las tres horas dijo que no, que no se juntaba nada<\/strong>\u201d, dijo a la prensa la actriz Valentina Bassi quien se moviliz\u00f3 junto a los familiares.<\/p>\n<p>En esa l\u00ednea, Bassi continu\u00f3: \u201cCon esas cosas, uno va juntando mucha bronca. Y cuando vinimos ac\u00e1 a marchar,\u00a0<strong>quisimos entregar el petitorio, y no lo acept\u00f3. Eso no pasa nunca<\/strong>. Es un acto simb\u00f3lico\u201d. Y agreg\u00f3: \u201c<strong>Que no acepte el petitorio es un mont\u00f3n, un destrato; es un maltrato. Estamos recansados ya, por eso entramos<\/strong>\u201d.<\/p>\n<p><strong>El Gobierno nacional a\u00fan no reglament\u00f3 la ley de emergencia en discapacidad que aprob\u00f3 el Congreso<\/strong>\u00a0con el argumento de no tener claro la fuente de financiamiento. Esta decisi\u00f3n abri\u00f3 una moci\u00f3n de censura al jefe de la administraci\u00f3n libertaria, Guillermo Francos.<\/p>\n","protected":false},"excerpt":{"rendered":"<p>Un grupo de manifestantes\u00a0ingresaron hoy a la sede central de la Agencia Nacional de Discapacidad (ANDIS) y protagonizaron incidentes al haber ingresado por la fuerza\u00a0con el fin de abrir un di\u00e1logo con autoridades de la entidad, ubicada en el barrio porte\u00f1o de Belgrano. \u201cEsta reuni\u00f3n era para\u00a0exigirle a (Alejandro) Vilches y todo el directorio que [&hellip;]<\/p>\n","protected":false},"author":3,"featured_media":116892,"comment_status":"open","ping_status":"open","sticky":false,"template":"","format":"standard","meta":{"footnotes":""},"categories":[7],"tags":[],"class_list":{"0":"post-116891","1":"post","2":"type-post","3":"status-publish","4":"format-standard","5":"has-post-thumbnail","7":"category-nac"},"_links":{"self":[{"href":"https:\/\/primicias2262.com\/noticias\/wp-json\/wp\/v2\/posts\/116891","targetHints":{"allow":["GET"]}}],"collection":[{"href":"https:\/\/primicias2262.com\/noticias\/wp-json\/wp\/v2\/posts"}],"about":[{"href":"https:\/\/primicias2262.com\/noticias\/wp-json\/wp\/v2\/types\/post"}],"author":[{"embeddable":true,"href":"https:\/\/primicias2262.com\/noticias\/wp-json\/wp\/v2\/users\/3"}],"replies":[{"embeddable":true,"href":"https:\/\/primicias2262.com\/noticias\/wp-json\/wp\/v2\/comments?post=116891"}],"version-history":[{"count":1,"href":"https:\/\/primicias2262.com\/noticias\/wp-json\/wp\/v2\/posts\/116891\/revisions"}],"predecessor-version":[{"id":116893,"href":"https:\/\/primicias2262.com\/noticias\/wp-json\/wp\/v2\/posts\/116891\/revisions\/116893"}],"wp:featuredmedia":[{"embeddable":true,"href":"https:\/\/primicias2262.com\/noticias\/wp-json\/wp\/v2\/media\/116892"}],"wp:attachment":[{"href":"https:\/\/primicias2262.com\/noticias\/wp-json\/wp\/v2\/media?parent=116891"}],"wp:term":[{"taxonomy":"category","embeddable":true,"href":"https:\/\/primicias2262.com\/noticias\/wp-json\/wp\/v2\/categories?post=116891"},{"taxonomy":"post_tag","embeddable":true,"href":"https:\/\/primicias2262.com\/noticias\/wp-json\/wp\/v2\/tags?post=116891"}],"curies":[{"name":"wp","href":"https:\/\/api.w.org\/{rel}","templated":true}]}}