{"id":116912,"date":"2025-10-20T21:23:01","date_gmt":"2025-10-20T21:23:01","guid":{"rendered":"https:\/\/primicias2262.com\/noticias\/?p=116912"},"modified":"2025-10-20T21:23:01","modified_gmt":"2025-10-20T21:23:01","slug":"mesa-de-dialogo-por-el-presupuesto-exigencias-opositoras-por-garrahan-discapacidad-y-universidades","status":"publish","type":"post","link":"https:\/\/primicias2262.com\/noticias\/mesa-de-dialogo-por-el-presupuesto-exigencias-opositoras-por-garrahan-discapacidad-y-universidades\/","title":{"rendered":"Mesa de di\u00e1logo por el Presupuesto: exigencias opositoras por Garrahan, Discapacidad y Universidades"},"content":{"rendered":"<div class=\"article-body\" data-tadevel-template=\"web\/article-body\">\n<div class=\"article-body-content\">\n<p>El Gobierno y diputados opositores dialoguistas expusieron sus diferencias sobre \u00a0el Presupuesto 2026 en una reuni\u00f3n celebrada en la C\u00e1mara Diputados, donde un sector opositor\u00a0<strong>condicion\u00f3 su respaldo a que se cumplan con las leyes de Discapacidad, Emergencia Pedi\u00e1trica y aumentos a las Universidades.<\/strong><\/p>\n<p><strong>El oficialismo arm\u00f3 una mesa de di\u00e1logo en procura de un acuerdo que permita aprobar el Presupuesto se realiz\u00f3 hoy en la C\u00e1mara de Diputados, donde el \u00fanico acuerdo que se alcanz\u00f3 es que debe haber \u201cley de leyes\u201d con equilibrio fiscal.<\/strong><\/p>\n<p>La primera reuni\u00f3n se realiz\u00f3 en la presidencia de la C\u00e1mara de la Diputados, encabezada por\u00a0<strong>Mart\u00edn Menem<\/strong>, el titular de Presupuesto\u00a0<strong>Bertie Benegas Lynch<\/strong>, el secretario de Hacienda,\u00a0<strong>Carlos Guberman<\/strong>, y el vicejefe de Gabinete,\u00a0<strong>Jos\u00e9 Rolandi.<\/strong><\/p>\n<p>Asistieron al encuentro\u00a0<strong>Nicolas Massot y Miguel Angel Pichetto (Encuentro Federal), Daiana \u00a0Fern\u00e1ndez Morlero y Silvana Guidici, \u00a0(PRO), Eduardo Falcone (Desarrollo) \u00a0Pablo Juliano y Manuel Aguirre, \u00a0(Democracia para Siempre), Mart\u00edn Tetaz , Pamela Verasay, y Karina Banfi (UCR), Manuel Garrido (Por Santa Cruz) y Pablo Cervi (Liga del Interior).<\/strong><\/p>\n<p>En ese contexto, los diputados de Encuentro Federal, Nicolas Massot, Miguel Angel Pichetto, y Pablo Juliano (Democracia para Siempre), reclamaron que el Gobierno incluya los fondos para aplicar las leyes de Emergencia en Discapacidad, Emergencia Pedi\u00e1trica y Universidades.<\/p>\n<p>Massot se\u00f1al\u00f3 que \u00ab<strong>el presupuesto tiene que reflejar las tres leyes sobre las que el Congreso logr\u00f3 insisti<\/strong>r\u00bb, en alusi\u00f3n a Discapacidad, Garrahan y Universidades.<\/p>\n<p>Destac\u00f3 que \u201clamentablemente nos trabamos en ese punto. Va a ser dif\u00edcil avanzar si el Gobierno no quiere cumplirlas. Es un punto ineludible para avanzar sobre otros\u201d.<\/p>\n<p>Por su parte, Juliano se\u00f1al\u00f3 que \u201c<strong>hicimos un pedido expreso ya que se tiene que promulgar la Ley de Emergencia Pedi\u00e1trica y Universidades y pedimos una promulgaci\u00f3n a medias con los mismos argumentos que hicieron para la Emergencia en Discapacidad<\/strong>\u201d y reiter\u00f3 que se deben contemplar los fondos en el Presupuesto 2026.<\/p>\n<p>En cambio, desde el PRO y la UCR\u00a0<strong>destacaron que hayan comenzado las negociaciones para acordar un presupuesto \u201ccon equilibrio fiscal\u201d y pidieron continuar con las negociaciones.<\/strong><\/p>\n<p>El radical Mart\u00edn Tetaz \u00a0dijo que \u201cHay coincidencias en que necesitamos un presupuesto, que debe ser equilibrado y que respete la regla fiscal\u201d y que si hay excedente en la recaudaci\u00f3n se destine a las prioridades que establece el Congreso Nacional.<\/p>\n<p>Uno de los puntos donde si hay acuerdo entre el oficialismo y la oposici\u00f3n es que si avanzan los acuerdos se puede estirar el plazo para emitir el dictamen establecido para el 4 de Noviembre, de acuerdo al emplazamiento.<\/p>\n<p>Estos encuentros se realizar\u00e1n en forma paralela al tratamiento en la comisi\u00f3n de Presupuesto y Hacienda, que ma\u00f1ana continuar\u00e1 con la ronda de consultas las disertaciones del secretario de Desregulaci\u00f3n, Alejandro Cacace, y el se\u00f1or Secretario de Transformaci\u00f3n del Estado, Maximiliano Fari\u00f1a.<\/p>\n<p>En cambio, Uni\u00f3n por la Patria rechaz\u00f3 la invitaci\u00f3n para sumarse a la reuni\u00f3n ya que consider\u00f3 que los debates se deben hacer en la reuni\u00f3n de la comisi\u00f3n de Presupuesto, seg\u00fan se\u00f1al\u00f3 su presidente Germ\u00e1n Mart\u00ednez.<\/p>\n<p>Martinez se\u00f1al\u00f3 por la red social X que \u201cnuestro \u00e1mbito para debatir el proyecto de Ley de Presupuesto para el 2026 es la Comisi\u00f3n de Presupuesto y Hacienda de la C\u00e1mara de Diputados. No vamos a convalidar ninguna mesa paralela\u201d<\/p>\n<p>El oficialismo promovi\u00f3 esta mesa del di\u00e1logo para superar \u00a0las diferencias entre el Gobierno y los bloques dialoguistas ya que son claves para poder aprobar el proyecto de Presupuesto 2026 impulsado por el Gobierno Nacional.<\/p>\n<p>Las principales diferencias est\u00e1n centradas en los recursos que se destinar\u00e1n a jubilados, la educaci\u00f3n, la salud, y las obras p\u00fablicas.<\/p>\n<p>Las dificultades para lograr avanzar en un acuerdo que el Gobierno Nacional dice que cualquier acuerdo debe mantener el equilibrio fiscal y ya 85 % de los recursos de esa iniciativa ya tienen asignaci\u00f3n espec\u00edfica debido a que se destinan al rubro \u201cgastos sociales\u201d.<\/p>\n<p>Desde el oficialismo confiaron que se podr\u00e1n conseguir mayores avances tras las elecciones del pr\u00f3ximo domingo, y espera mantener un nuevo encuentro la pr\u00f3xima semana, donde esperan que tambi\u00e9n se sumen otros bloques como Innovaci\u00f3n Federal, la Coalici\u00f3n C\u00edvica, y otros bloques provinciales.<\/p>\n<p>No descartaron como propuso la oposici\u00f3n mas dialoguista el sistema de sem\u00e1foros como se hizo con la ley de Bases, para ayudar en la negociaci\u00f3n y poner en un paraguas aquellos puntos que son mas controvertidos como los fondos que reclaman las provincias y los recursos para las cajas de jubilaciones.<\/p>\n<\/div>\n<\/div>\n","protected":false},"excerpt":{"rendered":"<p>El Gobierno y diputados opositores dialoguistas expusieron sus diferencias sobre \u00a0el Presupuesto 2026 en una reuni\u00f3n celebrada en la C\u00e1mara Diputados, donde un sector opositor\u00a0condicion\u00f3 su respaldo a que se cumplan con las leyes de Discapacidad, Emergencia Pedi\u00e1trica y aumentos a las Universidades. El oficialismo arm\u00f3 una mesa de di\u00e1logo en procura de un acuerdo [&hellip;]<\/p>\n","protected":false},"author":3,"featured_media":116913,"comment_status":"open","ping_status":"open","sticky":false,"template":"","format":"standard","meta":{"footnotes":""},"categories":[7],"tags":[],"class_list":{"0":"post-116912","1":"post","2":"type-post","3":"status-publish","4":"format-standard","5":"has-post-thumbnail","7":"category-nac"},"_links":{"self":[{"href":"https:\/\/primicias2262.com\/noticias\/wp-json\/wp\/v2\/posts\/116912","targetHints":{"allow":["GET"]}}],"collection":[{"href":"https:\/\/primicias2262.com\/noticias\/wp-json\/wp\/v2\/posts"}],"about":[{"href":"https:\/\/primicias2262.com\/noticias\/wp-json\/wp\/v2\/types\/post"}],"author":[{"embeddable":true,"href":"https:\/\/primicias2262.com\/noticias\/wp-json\/wp\/v2\/users\/3"}],"replies":[{"embeddable":true,"href":"https:\/\/primicias2262.com\/noticias\/wp-json\/wp\/v2\/comments?post=116912"}],"version-history":[{"count":1,"href":"https:\/\/primicias2262.com\/noticias\/wp-json\/wp\/v2\/posts\/116912\/revisions"}],"predecessor-version":[{"id":116914,"href":"https:\/\/primicias2262.com\/noticias\/wp-json\/wp\/v2\/posts\/116912\/revisions\/116914"}],"wp:featuredmedia":[{"embeddable":true,"href":"https:\/\/primicias2262.com\/noticias\/wp-json\/wp\/v2\/media\/116913"}],"wp:attachment":[{"href":"https:\/\/primicias2262.com\/noticias\/wp-json\/wp\/v2\/media?parent=116912"}],"wp:term":[{"taxonomy":"category","embeddable":true,"href":"https:\/\/primicias2262.com\/noticias\/wp-json\/wp\/v2\/categories?post=116912"},{"taxonomy":"post_tag","embeddable":true,"href":"https:\/\/primicias2262.com\/noticias\/wp-json\/wp\/v2\/tags?post=116912"}],"curies":[{"name":"wp","href":"https:\/\/api.w.org\/{rel}","templated":true}]}}