{"id":116915,"date":"2025-10-20T21:25:24","date_gmt":"2025-10-20T21:25:24","guid":{"rendered":"https:\/\/primicias2262.com\/noticias\/?p=116915"},"modified":"2025-10-20T21:25:24","modified_gmt":"2025-10-20T21:25:24","slug":"de-andreis-pidio-el-voto-util-para-la-libertad-avanza-las-otras-opciones-juegan-para-el-kirchnerismo","status":"publish","type":"post","link":"https:\/\/primicias2262.com\/noticias\/de-andreis-pidio-el-voto-util-para-la-libertad-avanza-las-otras-opciones-juegan-para-el-kirchnerismo\/","title":{"rendered":"De Andreis pidi\u00f3 el voto \u00fatil para La Libertad Avanza: \u201cLas otras opciones juegan para el kirchnerismo\u00bb"},"content":{"rendered":"<div class=\"article-body\" data-tadevel-template=\"web\/article-body\">\n<div class=\"article-body-content\">\n<p>El dirigente macrista y candidato a diputado nacional por la Ciudad de Buenos Aires\u00a0<strong>Fernando de Andreis<\/strong>\u00a0volvi\u00f3 hoy a pedir el voto \u00fatil para el<strong>\u00a0Frente La Libertad Avanza,<\/strong>\u00a0donde confluye el PRO, y advirti\u00f3 que \u201clos que dividen el voto\u201d del oficialismo \u201clo \u00fanico que har\u00e1n es contribuir a que el kirchnerismo cuente con los resultados a su favor\u201d.<\/p>\n<p>A trav\u00e9s de una publicaci\u00f3n en su cuenta de X, el ex secretaria general de la Presidencia del Gobierno de\u00a0<strong>Mauricio Macri\u00a0<\/strong>aclar\u00f3 sus dichos respecto de que lo que est\u00e1 en juego en estas elecciones intermedias es similar a un \u201cbalotaje\u201d presidencial, y reafirm\u00f3 que en la Argentina la discusi\u00f3n \u201ces realmente binaria\u201d.<\/p>\n<p>\u201cCuando digo balotaje, obviamente estoy usando una met\u00e1fora, pero<strong>\u00a0la situaci\u00f3n es realmente binaria.<\/strong>\u00a0Porque, aunque sea una elecci\u00f3n legislativa, no tengo dudas de que el resultado es decisivo para la continuidad democr\u00e1tica\u201d, explic\u00f3.<\/p>\n<p>Con iron\u00eda, De Andreis alert\u00f3 que \u201clos votos enojados (de ciudadanos que acompa\u00f1aron a La Libertad Avanza en el balotaje del 2023 pero que est\u00e1n desencantados con la marcha del gobierno) terminan con Cristina (Kirchner) bailando en el balc\u00f3n\u00bb el triunfo del peronismo.<\/p>\n<p>\u201c<strong>Los que dividen el voto y se desv\u00edan hacia fuerzas alternativas, lo \u00fanico que har\u00e1n es contribuir a que el kirchnerismo el domingo cuente los resultados a su favor. No tengas dudas: los votos enojados terminan con Cristina bailando en el balc\u00f3n\u201d<\/strong>, asegur\u00f3.<\/p>\n<p>\u201cCon estas palabras no trato de persuadir a los militantes de fuerzas secundarias; le hablo a los dem\u00e1s, a los votantes del PRO. El PRO est\u00e1 en la lista 501 que va en alianza con LLA.<strong>\u00a0Todas las otras opciones juegan a favor del kirchnerismo.\u00a0<\/strong>El domingo 26, vota la lista LLA+PRO (501)\u201d, concluy\u00f3.<\/p>\n<p>De Andreis es candidato a diputado nacional en la lista de La Libertad Avanza que encabeza el abogado libertario\u00a0<strong>Alejandro Fargosi.<\/strong><\/p>\n<\/div>\n<\/div>\n","protected":false},"excerpt":{"rendered":"<p>El dirigente macrista y candidato a diputado nacional por la Ciudad de Buenos Aires\u00a0Fernando de Andreis\u00a0volvi\u00f3 hoy a pedir el voto \u00fatil para el\u00a0Frente La Libertad Avanza,\u00a0donde confluye el PRO, y advirti\u00f3 que \u201clos que dividen el voto\u201d del oficialismo \u201clo \u00fanico que har\u00e1n es contribuir a que el kirchnerismo cuente con los resultados a [&hellip;]<\/p>\n","protected":false},"author":3,"featured_media":116916,"comment_status":"open","ping_status":"open","sticky":false,"template":"","format":"standard","meta":{"footnotes":""},"categories":[7],"tags":[],"class_list":{"0":"post-116915","1":"post","2":"type-post","3":"status-publish","4":"format-standard","5":"has-post-thumbnail","7":"category-nac"},"_links":{"self":[{"href":"https:\/\/primicias2262.com\/noticias\/wp-json\/wp\/v2\/posts\/116915","targetHints":{"allow":["GET"]}}],"collection":[{"href":"https:\/\/primicias2262.com\/noticias\/wp-json\/wp\/v2\/posts"}],"about":[{"href":"https:\/\/primicias2262.com\/noticias\/wp-json\/wp\/v2\/types\/post"}],"author":[{"embeddable":true,"href":"https:\/\/primicias2262.com\/noticias\/wp-json\/wp\/v2\/users\/3"}],"replies":[{"embeddable":true,"href":"https:\/\/primicias2262.com\/noticias\/wp-json\/wp\/v2\/comments?post=116915"}],"version-history":[{"count":1,"href":"https:\/\/primicias2262.com\/noticias\/wp-json\/wp\/v2\/posts\/116915\/revisions"}],"predecessor-version":[{"id":116917,"href":"https:\/\/primicias2262.com\/noticias\/wp-json\/wp\/v2\/posts\/116915\/revisions\/116917"}],"wp:featuredmedia":[{"embeddable":true,"href":"https:\/\/primicias2262.com\/noticias\/wp-json\/wp\/v2\/media\/116916"}],"wp:attachment":[{"href":"https:\/\/primicias2262.com\/noticias\/wp-json\/wp\/v2\/media?parent=116915"}],"wp:term":[{"taxonomy":"category","embeddable":true,"href":"https:\/\/primicias2262.com\/noticias\/wp-json\/wp\/v2\/categories?post=116915"},{"taxonomy":"post_tag","embeddable":true,"href":"https:\/\/primicias2262.com\/noticias\/wp-json\/wp\/v2\/tags?post=116915"}],"curies":[{"name":"wp","href":"https:\/\/api.w.org\/{rel}","templated":true}]}}