{"id":116937,"date":"2025-10-21T21:04:07","date_gmt":"2025-10-21T21:04:07","guid":{"rendered":"https:\/\/primicias2262.com\/noticias\/?p=116937"},"modified":"2025-10-21T21:04:07","modified_gmt":"2025-10-21T21:04:07","slug":"milei-anuncio-que-no-aplicara-la-ley-de-emergencia-pediatrica","status":"publish","type":"post","link":"https:\/\/primicias2262.com\/noticias\/milei-anuncio-que-no-aplicara-la-ley-de-emergencia-pediatrica\/","title":{"rendered":"Milei anunci\u00f3 que no aplicar\u00e1 la Ley de Emergencia Pedi\u00e1trica"},"content":{"rendered":"<div class=\"article-body\" data-tadevel-template=\"web\/article-body\">\n<div class=\"article-body-content\">\n<p>Trabajadores del Hospital Garrahan, agrupados en la Asociaci\u00f3n de Profesionales y T\u00e9cnicos (APyT), realizar\u00e1n un cacerolazo en la puerta de la instituci\u00f3n en rechazo al anuncio del presidente Javier Milei, quien afirm\u00f3 que no aplicar\u00e1 la Ley de Emergencia Pedi\u00e1trica \u201c<i>por falta de fondos<\/i>\u201d.<\/p>\n<p>La convocatoria, que est\u00e1 anunciada a las 20:30hs. (en la entrada sobre Combate de los Pozos 1881), ser\u00e1 llevada a cabo en un contexto de un paro por 24hs. y ante una situaci\u00f3n \u201c<i>grav\u00edsima para la democracia<\/i>\u201d del pa\u00eds y tambi\u00e9n \u201c<i>para los ni\u00f1os, ni\u00f1as y adolescentes del Garrahan y sus trabajadores<\/i>\u201d.<\/p>\n<p><i>\u201cNo podemos naturalizar el autoritarismo. El presidente anunci\u00f3 que no aplicar\u00e1 la Emergencia Pedi\u00e1trica \u2018por falta de fondos\u2019 y eso es una provocaci\u00f3n autoritaria. \u00bfHasta cu\u00e1ndo vamos a soportar esto como pueblo? Hay que terminar con tanta crueldad y prepotencia\u201d,<\/i>\u00a0indic\u00f3 APyT desde un comunicado.<\/p>\n<p>Asimismo, expresaron que esta medida es \u201c<i>en repudio al atropello<\/i>\u201d permanente que ejerce el Gobierno Nacional y que decide de forma \u201c<i>autocr\u00e1tica<\/i>\u201d no aplicar las leyes del Congreso\u00a0\u201c<i>como si se tratara de una monarqu\u00eda\u201d.<\/i><\/p>\n<p>En la misma l\u00ednea, informaron que \u201c<i>denunciar\u00e1n penalmente a los integrantes de Poder Ejecutivo<\/i>\u201d y, paralelamente, solicitar\u00e1n que el Congreso \u201c<i>active el juicio pol\u00edtico<\/i>\u201d a Milei, al ministro de Salud Mario Lugones, su par en Econom\u00eda Luis Caputo y el jefe de gabinete Guillermo Francos.<\/p>\n<p><i>\u201cVolvemos a insistir con que la CGT llame a parar con el objetivo de revertir esta situaci\u00f3n y, si no lo hace, desde la semana que viene vamos a empezar a trabajar y convocar un paro nacional desde abajo, junto a los gremios, federaciones y organizaciones dispuestas a construir una alternativa a la ausencia de la CGT\u201d,<\/i>\u00a0concluyeron.<\/p>\n<\/div>\n<\/div>\n","protected":false},"excerpt":{"rendered":"<p>Trabajadores del Hospital Garrahan, agrupados en la Asociaci\u00f3n de Profesionales y T\u00e9cnicos (APyT), realizar\u00e1n un cacerolazo en la puerta de la instituci\u00f3n en rechazo al anuncio del presidente Javier Milei, quien afirm\u00f3 que no aplicar\u00e1 la Ley de Emergencia Pedi\u00e1trica \u201cpor falta de fondos\u201d. La convocatoria, que est\u00e1 anunciada a las 20:30hs. (en la entrada [&hellip;]<\/p>\n","protected":false},"author":3,"featured_media":116938,"comment_status":"open","ping_status":"open","sticky":false,"template":"","format":"standard","meta":{"footnotes":""},"categories":[7],"tags":[],"class_list":{"0":"post-116937","1":"post","2":"type-post","3":"status-publish","4":"format-standard","5":"has-post-thumbnail","7":"category-nac"},"_links":{"self":[{"href":"https:\/\/primicias2262.com\/noticias\/wp-json\/wp\/v2\/posts\/116937","targetHints":{"allow":["GET"]}}],"collection":[{"href":"https:\/\/primicias2262.com\/noticias\/wp-json\/wp\/v2\/posts"}],"about":[{"href":"https:\/\/primicias2262.com\/noticias\/wp-json\/wp\/v2\/types\/post"}],"author":[{"embeddable":true,"href":"https:\/\/primicias2262.com\/noticias\/wp-json\/wp\/v2\/users\/3"}],"replies":[{"embeddable":true,"href":"https:\/\/primicias2262.com\/noticias\/wp-json\/wp\/v2\/comments?post=116937"}],"version-history":[{"count":1,"href":"https:\/\/primicias2262.com\/noticias\/wp-json\/wp\/v2\/posts\/116937\/revisions"}],"predecessor-version":[{"id":116939,"href":"https:\/\/primicias2262.com\/noticias\/wp-json\/wp\/v2\/posts\/116937\/revisions\/116939"}],"wp:featuredmedia":[{"embeddable":true,"href":"https:\/\/primicias2262.com\/noticias\/wp-json\/wp\/v2\/media\/116938"}],"wp:attachment":[{"href":"https:\/\/primicias2262.com\/noticias\/wp-json\/wp\/v2\/media?parent=116937"}],"wp:term":[{"taxonomy":"category","embeddable":true,"href":"https:\/\/primicias2262.com\/noticias\/wp-json\/wp\/v2\/categories?post=116937"},{"taxonomy":"post_tag","embeddable":true,"href":"https:\/\/primicias2262.com\/noticias\/wp-json\/wp\/v2\/tags?post=116937"}],"curies":[{"name":"wp","href":"https:\/\/api.w.org\/{rel}","templated":true}]}}