{"id":116940,"date":"2025-10-21T21:08:33","date_gmt":"2025-10-21T21:08:33","guid":{"rendered":"https:\/\/primicias2262.com\/noticias\/?p=116940"},"modified":"2025-10-21T21:08:33","modified_gmt":"2025-10-21T21:08:33","slug":"renunciaron-los-abogados-de-fabiola-yanez-en-medio-de-la-disputa-con-alberto-fernandez","status":"publish","type":"post","link":"https:\/\/primicias2262.com\/noticias\/renunciaron-los-abogados-de-fabiola-yanez-en-medio-de-la-disputa-con-alberto-fernandez\/","title":{"rendered":"Renunciaron los abogados de Fabiola Ya\u00f1ez en medio de la disputa con Alberto Fern\u00e1ndez"},"content":{"rendered":"<div class=\"article-body\" data-tadevel-template=\"web\/article-body\">\n<div class=\"article-body-content\">\n<p><strong>Mariana Gallego\u00a0<\/strong>y\u00a0<strong>Maurcio D\u2019Alessandro<\/strong>, abogados de\u00a0<strong>Fabiola Ya\u00f1ez<\/strong>, renunciaron este martes a ser los defensores de la exprimera dama en la disputa judicial con el expresidente\u00a0<strong>Alberto Fern\u00e1ndez<\/strong>.<\/p>\n<p>Los letrados eran una pieza clave para Ya\u00f1ez en causas donde se discuten alimentos y r\u00e9gimen de visitas para Francisco, el hijo que la exprimera dama tuvo con el ex mandatario.<\/p>\n<p>En tanto, los abogados tampoco seguir\u00e1n formando parte de la causa penal que iniciara Fern\u00e1ndez contra Ya\u00f1ez por presunto impedimento de contacto con el menor.<\/p>\n<p>Seg\u00fan pudo saber NA, el v\u00ednculo entre Ya\u00f1ez y sus defensores no pasaba por un buen momento, por lo que los letrados tambi\u00e9n podr\u00edan dejar de formar parte de la defensa de la exprimera dama en la causa por violencia de g\u00e9nero.<\/p>\n<\/div>\n<\/div>\n","protected":false},"excerpt":{"rendered":"<p>Mariana Gallego\u00a0y\u00a0Maurcio D\u2019Alessandro, abogados de\u00a0Fabiola Ya\u00f1ez, renunciaron este martes a ser los defensores de la exprimera dama en la disputa judicial con el expresidente\u00a0Alberto Fern\u00e1ndez. Los letrados eran una pieza clave para Ya\u00f1ez en causas donde se discuten alimentos y r\u00e9gimen de visitas para Francisco, el hijo que la exprimera dama tuvo con el ex [&hellip;]<\/p>\n","protected":false},"author":3,"featured_media":116941,"comment_status":"open","ping_status":"open","sticky":false,"template":"","format":"standard","meta":{"footnotes":""},"categories":[7],"tags":[],"class_list":{"0":"post-116940","1":"post","2":"type-post","3":"status-publish","4":"format-standard","5":"has-post-thumbnail","7":"category-nac"},"_links":{"self":[{"href":"https:\/\/primicias2262.com\/noticias\/wp-json\/wp\/v2\/posts\/116940","targetHints":{"allow":["GET"]}}],"collection":[{"href":"https:\/\/primicias2262.com\/noticias\/wp-json\/wp\/v2\/posts"}],"about":[{"href":"https:\/\/primicias2262.com\/noticias\/wp-json\/wp\/v2\/types\/post"}],"author":[{"embeddable":true,"href":"https:\/\/primicias2262.com\/noticias\/wp-json\/wp\/v2\/users\/3"}],"replies":[{"embeddable":true,"href":"https:\/\/primicias2262.com\/noticias\/wp-json\/wp\/v2\/comments?post=116940"}],"version-history":[{"count":1,"href":"https:\/\/primicias2262.com\/noticias\/wp-json\/wp\/v2\/posts\/116940\/revisions"}],"predecessor-version":[{"id":116942,"href":"https:\/\/primicias2262.com\/noticias\/wp-json\/wp\/v2\/posts\/116940\/revisions\/116942"}],"wp:featuredmedia":[{"embeddable":true,"href":"https:\/\/primicias2262.com\/noticias\/wp-json\/wp\/v2\/media\/116941"}],"wp:attachment":[{"href":"https:\/\/primicias2262.com\/noticias\/wp-json\/wp\/v2\/media?parent=116940"}],"wp:term":[{"taxonomy":"category","embeddable":true,"href":"https:\/\/primicias2262.com\/noticias\/wp-json\/wp\/v2\/categories?post=116940"},{"taxonomy":"post_tag","embeddable":true,"href":"https:\/\/primicias2262.com\/noticias\/wp-json\/wp\/v2\/tags?post=116940"}],"curies":[{"name":"wp","href":"https:\/\/api.w.org\/{rel}","templated":true}]}}