{"id":116949,"date":"2025-10-22T16:36:10","date_gmt":"2025-10-22T16:36:10","guid":{"rendered":"https:\/\/primicias2262.com\/noticias\/?p=116949"},"modified":"2025-10-22T16:36:10","modified_gmt":"2025-10-22T16:36:10","slug":"complejo-jesuita-cardiel-estan-hartos-de-que-les-roben-y-hacen-una-movilizacion-este-viernes","status":"publish","type":"post","link":"https:\/\/primicias2262.com\/noticias\/complejo-jesuita-cardiel-estan-hartos-de-que-les-roben-y-hacen-una-movilizacion-este-viernes\/","title":{"rendered":"Complejo Jesuita Cardiel: est\u00e1n hartos de que les roben y hacen una movilizaci\u00f3n este viernes"},"content":{"rendered":"<p><strong>Bautista Ruiz, integrante del Complejo Educativo, dialog\u00f3 al respecto con el periodista Jorge G\u00f3mez, en el marco del programa Voces de la Ciudad que se emite a trav\u00e9s de Estaci\u00f3n FREE, 90.3 en FM.<\/strong><\/p>\n<p>En principio, el joven expuso que \u201cdurante la \u00faltima semana han querido robar, hicieron un boquete en la salida de los calefactores, entraron a la preceptor\u00eda del edificio de la ribera y no pudieron llevarse nada porque justo son\u00f3 la alarma, pero generalmente quieren robar las motos, como ya lo han hecho\u201d.<\/p>\n<p><a href=\"https:\/\/primicias2262.com\/noticias\/wp-content\/uploads\/2025\/10\/Bautista-Ruiz.jpeg\"><img loading=\"lazy\" decoding=\"async\" class=\"aligncenter size-full wp-image-116950\" src=\"https:\/\/primicias2262.com\/noticias\/wp-content\/uploads\/2025\/10\/Bautista-Ruiz.jpeg\" alt=\"\" width=\"920\" height=\"1280\" srcset=\"https:\/\/primicias2262.com\/noticias\/wp-content\/uploads\/2025\/10\/Bautista-Ruiz.jpeg 920w, https:\/\/primicias2262.com\/noticias\/wp-content\/uploads\/2025\/10\/Bautista-Ruiz-216x300.jpeg 216w, https:\/\/primicias2262.com\/noticias\/wp-content\/uploads\/2025\/10\/Bautista-Ruiz-736x1024.jpeg 736w, https:\/\/primicias2262.com\/noticias\/wp-content\/uploads\/2025\/10\/Bautista-Ruiz-768x1069.jpeg 768w, https:\/\/primicias2262.com\/noticias\/wp-content\/uploads\/2025\/10\/Bautista-Ruiz-150x209.jpeg 150w, https:\/\/primicias2262.com\/noticias\/wp-content\/uploads\/2025\/10\/Bautista-Ruiz-300x417.jpeg 300w, https:\/\/primicias2262.com\/noticias\/wp-content\/uploads\/2025\/10\/Bautista-Ruiz-696x968.jpeg 696w\" sizes=\"auto, (max-width: 920px) 100vw, 920px\" \/><\/a>Efectivamente, se\u00f1al\u00f3 con indignaci\u00f3n que \u201ceste a\u00f1o ya se robaron m\u00e1s de 15 motos y bicicletas y dijimos basta. Hablamos con el director del Centro de Formaci\u00f3n Profesional N\u00ba 403, que est\u00e1 en el mismo predio, y nos dijo que la semana pasada ingresaron al laboratorio, no destruyeron nada pero se llevaron materiales importantes que utilizaban los chicos para formarse\u201d.<\/p>\n<p>Es por ello que realizan una convocatoria para este viernes 24 a partir de las 17 hs. en el ingreso al Complejo Jesuita Cardiel, ubicado en la Av. Jesuita Cardiel y calle 50.<\/p>\n<p><strong>A continuaci\u00f3n, el comunicado de la convocatoria:<\/strong><\/p>\n<p>Como saben durante todo el a\u00f1o hemos sufrido hechos delictivos. Desde robos hasta boquetes en el edificio la Ribera. Y en el dia de hoy decimos \u00a1BASTA! QUEREMOS ESTUDIAR SEGUROS. <strong>Por ende, los invitamos a concentrarnos este viernes 24 de octubre a las 17hs en la puerta de ingreso al complejo Jesuita Cardiel<\/strong> para visibilizar los hechos de inseguridad y vand\u00e1licos que venimos acarreando desde a\u00f1os.<\/p>\n<p>Salgamos a la calle y hagamos llegar nuestras voces como estudiantes, docentes, no docentes y equipo directivo para defender y hacer valer nuestro derecho de estudiar y del derecho a la seguridad<\/p>\n<p>Invitamos al centro de estudiantes y al taller protegido para que vayan a la movilizaci\u00f3n, donde vamos a pedir que las autoridades de la ciudad tomen cartas en el asunto. Prevenci\u00f3n en su momento fue para la foto y despu\u00e9s no apareci\u00f3 m\u00e1s, no hay luminarias y es una boca de lobo.<br \/>\n\u00a1QUEREMOS ESTUDIAR Y TRABAJAR SEGUROS!<\/p>\n","protected":false},"excerpt":{"rendered":"<p>Bautista Ruiz, integrante del Complejo Educativo, dialog\u00f3 al respecto con el periodista Jorge G\u00f3mez, en el marco del programa Voces de la Ciudad que se emite a trav\u00e9s de Estaci\u00f3n FREE, 90.3 en FM. En principio, el joven expuso que \u201cdurante la \u00faltima semana han querido robar, hicieron un boquete en la salida de los [&hellip;]<\/p>\n","protected":false},"author":3,"featured_media":116953,"comment_status":"open","ping_status":"open","sticky":false,"template":"","format":"standard","meta":{"footnotes":""},"categories":[5],"tags":[],"class_list":{"0":"post-116949","1":"post","2":"type-post","3":"status-publish","4":"format-standard","5":"has-post-thumbnail","7":"category-neco"},"_links":{"self":[{"href":"https:\/\/primicias2262.com\/noticias\/wp-json\/wp\/v2\/posts\/116949","targetHints":{"allow":["GET"]}}],"collection":[{"href":"https:\/\/primicias2262.com\/noticias\/wp-json\/wp\/v2\/posts"}],"about":[{"href":"https:\/\/primicias2262.com\/noticias\/wp-json\/wp\/v2\/types\/post"}],"author":[{"embeddable":true,"href":"https:\/\/primicias2262.com\/noticias\/wp-json\/wp\/v2\/users\/3"}],"replies":[{"embeddable":true,"href":"https:\/\/primicias2262.com\/noticias\/wp-json\/wp\/v2\/comments?post=116949"}],"version-history":[{"count":1,"href":"https:\/\/primicias2262.com\/noticias\/wp-json\/wp\/v2\/posts\/116949\/revisions"}],"predecessor-version":[{"id":116954,"href":"https:\/\/primicias2262.com\/noticias\/wp-json\/wp\/v2\/posts\/116949\/revisions\/116954"}],"wp:featuredmedia":[{"embeddable":true,"href":"https:\/\/primicias2262.com\/noticias\/wp-json\/wp\/v2\/media\/116953"}],"wp:attachment":[{"href":"https:\/\/primicias2262.com\/noticias\/wp-json\/wp\/v2\/media?parent=116949"}],"wp:term":[{"taxonomy":"category","embeddable":true,"href":"https:\/\/primicias2262.com\/noticias\/wp-json\/wp\/v2\/categories?post=116949"},{"taxonomy":"post_tag","embeddable":true,"href":"https:\/\/primicias2262.com\/noticias\/wp-json\/wp\/v2\/tags?post=116949"}],"curies":[{"name":"wp","href":"https:\/\/api.w.org\/{rel}","templated":true}]}}