{"id":116955,"date":"2025-10-22T16:38:08","date_gmt":"2025-10-22T16:38:08","guid":{"rendered":"https:\/\/primicias2262.com\/noticias\/?p=116955"},"modified":"2025-10-22T16:39:20","modified_gmt":"2025-10-22T16:39:20","slug":"el-camping-miguel-lillo-se-alista-para-el-desafio-de-la-temporada-mientras-explota-el-producto-de-los-contingentes","status":"publish","type":"post","link":"https:\/\/primicias2262.com\/noticias\/el-camping-miguel-lillo-se-alista-para-el-desafio-de-la-temporada-mientras-explota-el-producto-de-los-contingentes\/","title":{"rendered":"El Camping Miguel Lillo se alista para el desaf\u00edo de la temporada mientras explota el producto de los contingentes"},"content":{"rendered":"<p><strong>El titular del Camping Miguel Lillo, Rafael Mugica L\u00e1zaro, dialog\u00f3 con el periodista Jorge G\u00f3mez, en el marco del programa Voces de la Ciudad que se emite a trav\u00e9s de Estaci\u00f3n FREE, 90.3 en FM, de cara a la temporada de verano que se viene.<\/strong><\/p>\n<p>En primer t\u00e9rmino, Rafa analiz\u00f3 que \u201cnosotros estamos viendo la variable de un d\u00f3lar muy planchado pero la realidad es que a nuestro cliente, el de la carpa, no lo afecta\u201d, y revel\u00f3 que \u201cla temporada pasada me contact\u00e9 personalmente con clientes que vinieron 10 a\u00f1os seguidos y de repente dos temporadas consecutivas no aparecieron, y de los 10 que contact\u00e9 me contestaron seis, de los cuales dos casos muy puntuales, clientes de Azul y Bol\u00edvar, era que no pod\u00edan llegar a Necochea por el costo del combustible, entre otras variables\u201d.<\/p>\n<p>Acto seguido, se\u00f1al\u00f3 que \u201cno s\u00e9 qu\u00e9 puede llegar a pasar despu\u00e9s de las elecciones, pro nosotros antes del verano estamos con precios de la temporada anterior para poder captar un poco y financiarnos durante el invierno, que se hace muy largo sin un ingreso. Uno paga durante los 365 d\u00edas del a\u00f1o pero para un ingreso sostenido de solo 45 d\u00edas\u2026 para poder manejar ese equilibrio uno hace una preventa y este a\u00f1o no ha aceptado la gente la preventa, viene muy baja\u201d.<\/p>\n<p>Entonces \u201cuno empieza a indagar y ver cu\u00e1les son las variables: adem\u00e1s del combustible, la gente no llega a fin de mes, el estado de las rutas y un mont\u00f3n de cosas que por un lado te qued\u00e1s tranquilo porque no es un problema propio del camping, sino que excede al mismo, pero hoy analizando c\u00f3mo va a ser la temporada solo espero que sea igual a la del a\u00f1o pasado\u2026 si es igual lo firmo\u201d, manifest\u00f3.<\/p>\n<p>\u201cOtra realidad de la temporada pasada -indic\u00f3 Mugica L\u00e1zaro- fueron estad\u00edas cortas, con promedios de 4 d\u00edas, que son los del fin de semana, y fue un 70% de casilla y motorhome y 30% de carpa, cuando siempre fue al rev\u00e9s. Pero el a\u00f1o pasado esa estad\u00edstica se revirti\u00f3 y se volvi\u00f3 habitual ver camionetas 0KM y casillas nuevas, pero faltaba el Duna o el Corsa que ven\u00eda con la carpa, que es el volumen de gente para el que sirve el camping\u201d.<\/p>\n<p>Incluso, acentu\u00f3 con preocupaci\u00f3n que \u201clo de las casillas en la v\u00eda p\u00fablica es otra variable que va creciendo a\u00f1o tras a\u00f1o y no podemos hacer nada\u2026est\u00e1 prohibido acampar en la v\u00eda p\u00fablica pero todos los veranos ves c\u00f3mo se aumenta: cada vez m\u00e1s motorhomes y casillas en la v\u00eda p\u00fablica, y contra esas variables no se puede trabajar\u201d.<\/p>\n<p>Tranqueras adentro del camping, el empresario sostuvo que \u201chacemos un trabajo de mantenimiento todo el a\u00f1o y no cerramos nunca, el predio es muy grande y hemos hecho unas reformas estructurales en los dormis, que es un producto que pega mucho para los contingentes. Quer\u00edamos darle un salto de calidad para esos grupos y reformamos todo con aberturas nuevas, pisos, cocina totalmente nueva para los dormis, obras hidr\u00e1ulicas, reformas est\u00e9ticas en los sanitarios, ampliaci\u00f3n de la red de alumbrado p\u00fablico en el complejo, todo lo cual conlleva mucha inversi\u00f3n\u201d.<\/p>\n<p>Si bien el clima no ayud\u00f3 mucho este a\u00f1o, Mugica afirm\u00f3 que \u201cseguimos teniendo un camping radiante. Este a\u00f1o trabajamos con muchos contingentes para poder estirar un poco m\u00e1s estos 45 d\u00edas de temporada, que antes eran 60\u2026 el tema es que siguen empezando las clases en febrero y eso a la costa atl\u00e1ntica la destruye\u2026 nos complica mucho porque la gente comienza febrero y deja de pensar en la costa y empieza a pensar en los guardapolvos y los \u00fatiles\u201d.<\/p>\n<p>Finalmente, Rafael destac\u00f3 que \u201ca 300 kil\u00f3metros a la redonda con el producto que vendemos somos totalmente competitivos y es lo que sentimos con el buen rebote que tiene el producto de los contingentes\u201d<\/p>\n","protected":false},"excerpt":{"rendered":"<p>El titular del Camping Miguel Lillo, Rafael Mugica L\u00e1zaro, dialog\u00f3 con el periodista Jorge G\u00f3mez, en el marco del programa Voces de la Ciudad que se emite a trav\u00e9s de Estaci\u00f3n FREE, 90.3 en FM, de cara a la temporada de verano que se viene. En primer t\u00e9rmino, Rafa analiz\u00f3 que \u201cnosotros estamos viendo la [&hellip;]<\/p>\n","protected":false},"author":3,"featured_media":116951,"comment_status":"open","ping_status":"open","sticky":false,"template":"","format":"standard","meta":{"footnotes":""},"categories":[6],"tags":[],"class_list":{"0":"post-116955","1":"post","2":"type-post","3":"status-publish","4":"format-standard","5":"has-post-thumbnail","7":"category-portada2"},"_links":{"self":[{"href":"https:\/\/primicias2262.com\/noticias\/wp-json\/wp\/v2\/posts\/116955","targetHints":{"allow":["GET"]}}],"collection":[{"href":"https:\/\/primicias2262.com\/noticias\/wp-json\/wp\/v2\/posts"}],"about":[{"href":"https:\/\/primicias2262.com\/noticias\/wp-json\/wp\/v2\/types\/post"}],"author":[{"embeddable":true,"href":"https:\/\/primicias2262.com\/noticias\/wp-json\/wp\/v2\/users\/3"}],"replies":[{"embeddable":true,"href":"https:\/\/primicias2262.com\/noticias\/wp-json\/wp\/v2\/comments?post=116955"}],"version-history":[{"count":2,"href":"https:\/\/primicias2262.com\/noticias\/wp-json\/wp\/v2\/posts\/116955\/revisions"}],"predecessor-version":[{"id":116961,"href":"https:\/\/primicias2262.com\/noticias\/wp-json\/wp\/v2\/posts\/116955\/revisions\/116961"}],"wp:featuredmedia":[{"embeddable":true,"href":"https:\/\/primicias2262.com\/noticias\/wp-json\/wp\/v2\/media\/116951"}],"wp:attachment":[{"href":"https:\/\/primicias2262.com\/noticias\/wp-json\/wp\/v2\/media?parent=116955"}],"wp:term":[{"taxonomy":"category","embeddable":true,"href":"https:\/\/primicias2262.com\/noticias\/wp-json\/wp\/v2\/categories?post=116955"},{"taxonomy":"post_tag","embeddable":true,"href":"https:\/\/primicias2262.com\/noticias\/wp-json\/wp\/v2\/tags?post=116955"}],"curies":[{"name":"wp","href":"https:\/\/api.w.org\/{rel}","templated":true}]}}