{"id":116965,"date":"2025-10-23T17:19:29","date_gmt":"2025-10-23T17:19:29","guid":{"rendered":"https:\/\/primicias2262.com\/noticias\/?p=116965"},"modified":"2025-10-23T17:19:29","modified_gmt":"2025-10-23T17:19:29","slug":"agudizan-controles-de-seguridad-para-evitar-ilicitos-en-taxis-y-remises","status":"publish","type":"post","link":"https:\/\/primicias2262.com\/noticias\/agudizan-controles-de-seguridad-para-evitar-ilicitos-en-taxis-y-remises\/","title":{"rendered":"Agudizan controles de seguridad para evitar il\u00edcitos en taxis y remises"},"content":{"rendered":"<p><strong>El subsecretario de Prevenci\u00f3n y Monitoreo, \u00c1ngel V\u00e1zquez, habl\u00f3 al respecto con el periodista Jorge G\u00f3mez, en el marco del programa Voces de la Ciudad que se emite a trav\u00e9s de Estaci\u00f3n FREE, 90.3 en FM.<\/strong><\/p>\n<p>El funcionario resalt\u00f3 que \u201cni bien tomamos conocimiento de cierta situaci\u00f3n il\u00edcita, estuvimos reunidos con taxistas y remiseros, y con el Jefe Departamental por algunas situaciones que ameritaban charlar puntualmente, incluso con gente que sufri\u00f3 alg\u00fan delito, para coordinar acciones, y a posteriori se dio una reuni\u00f3n con la Secretaria de Gobierno (Paula Farami\u00f1\u00e1n) para cristalizar acciones en la calle, m\u00e1s all\u00e1 de lo que se charla\u201d.<\/p>\n<p>En ese sentido, V\u00e1zquez inform\u00f3 que \u201cse ha implementado una suerte de acompa\u00f1amiento, una orden de servicio por parte de la polic\u00eda de seguridad con controles de aquellos veh\u00edculos que andan en la calle, y control del pasajero. Ya esta semana estuvimos trabajando con este tema desde Prevenci\u00f3n, e incluso tuvimos respuesta de algunos remises, agradecidos por los veh\u00edculos municipales en la zona. Est\u00e1n trabajando por supuesto las \u00e1reas con veh\u00edculo para acompa\u00f1ar, como Tr\u00e1nsito y Transporte\u201d.<\/p>\n<p>A su vez, el funcionario acentu\u00f3 que \u201centiendo que la Justicia debe ajustar algunas cositas, es lo que reclamaba la gente. Hubo una situaci\u00f3n donde se logr\u00f3 detener a uno de los imputados de estos delitos en perjuicio de una mujer, que incluso el delincuente pretend\u00eda tener otro tipo de acci\u00f3n con ella, un abuso sexual, hubo informaci\u00f3n acerca de que esta persona no es la primera vez que act\u00faa de esta manera y entonces creo que desde la Justicia se debe pedir todo ese tipo de informe y adicionarles a la causa\u201d.<\/p>\n<p>El subsecretario cree que \u201cesto servir\u00e1 para saber con qui\u00e9nes se est\u00e1 tratando, qu\u00e9 personas son\u2026 y tambi\u00e9n para que no seamos tan livianos en decir \u201cesto se termin\u00f3, que se vaya\u201d, pero por ahora este hombre est\u00e1 a resguardo de la Justicia y pienso que es una buena noticia que desde que ocurri\u00f3 el hecho hasta hoy todav\u00eda el delincuente siga aprehendido\u201d.<\/p>\n<p>Adem\u00e1s, hizo hincapi\u00e9 en el buen trabajo del Centro Operativo de Monitoreo (COM) al revelar que \u201ca los pocos d\u00edas otra se\u00f1ora fue v\u00edctima del robo de un veh\u00edculo en Quequ\u00e9n, en esta situaci\u00f3n pudimos alertar en forma inmediata lo que ocurr\u00eda porque el operador estaba viendo las c\u00e1maras de Centro de Monitoreo en las que la mujer hac\u00eda se\u00f1as de forma desesperada\u201d.<\/p>\n<p>A ra\u00edz de ello \u201cse tom\u00f3 esa instancia como una acci\u00f3n at\u00edpica en horas de la madrugada, se comision\u00f3 de inmediato a la polic\u00eda y despu\u00e9s la damnificada pudo encontrar el veh\u00edculo. A su vez, la polic\u00eda sigui\u00f3 trabajando con esta causa y termin\u00f3 haciendo un allanamiento y secuestrando elementos de este veh\u00edculo\u201d.<\/p>\n","protected":false},"excerpt":{"rendered":"<p>El subsecretario de Prevenci\u00f3n y Monitoreo, \u00c1ngel V\u00e1zquez, habl\u00f3 al respecto con el periodista Jorge G\u00f3mez, en el marco del programa Voces de la Ciudad que se emite a trav\u00e9s de Estaci\u00f3n FREE, 90.3 en FM. El funcionario resalt\u00f3 que \u201cni bien tomamos conocimiento de cierta situaci\u00f3n il\u00edcita, estuvimos reunidos con taxistas y remiseros, y [&hellip;]<\/p>\n","protected":false},"author":3,"featured_media":109138,"comment_status":"open","ping_status":"open","sticky":false,"template":"","format":"standard","meta":{"footnotes":""},"categories":[5],"tags":[],"class_list":{"0":"post-116965","1":"post","2":"type-post","3":"status-publish","4":"format-standard","5":"has-post-thumbnail","7":"category-neco"},"_links":{"self":[{"href":"https:\/\/primicias2262.com\/noticias\/wp-json\/wp\/v2\/posts\/116965","targetHints":{"allow":["GET"]}}],"collection":[{"href":"https:\/\/primicias2262.com\/noticias\/wp-json\/wp\/v2\/posts"}],"about":[{"href":"https:\/\/primicias2262.com\/noticias\/wp-json\/wp\/v2\/types\/post"}],"author":[{"embeddable":true,"href":"https:\/\/primicias2262.com\/noticias\/wp-json\/wp\/v2\/users\/3"}],"replies":[{"embeddable":true,"href":"https:\/\/primicias2262.com\/noticias\/wp-json\/wp\/v2\/comments?post=116965"}],"version-history":[{"count":2,"href":"https:\/\/primicias2262.com\/noticias\/wp-json\/wp\/v2\/posts\/116965\/revisions"}],"predecessor-version":[{"id":116967,"href":"https:\/\/primicias2262.com\/noticias\/wp-json\/wp\/v2\/posts\/116965\/revisions\/116967"}],"wp:featuredmedia":[{"embeddable":true,"href":"https:\/\/primicias2262.com\/noticias\/wp-json\/wp\/v2\/media\/109138"}],"wp:attachment":[{"href":"https:\/\/primicias2262.com\/noticias\/wp-json\/wp\/v2\/media?parent=116965"}],"wp:term":[{"taxonomy":"category","embeddable":true,"href":"https:\/\/primicias2262.com\/noticias\/wp-json\/wp\/v2\/categories?post=116965"},{"taxonomy":"post_tag","embeddable":true,"href":"https:\/\/primicias2262.com\/noticias\/wp-json\/wp\/v2\/tags?post=116965"}],"curies":[{"name":"wp","href":"https:\/\/api.w.org\/{rel}","templated":true}]}}