{"id":116968,"date":"2025-10-23T17:20:52","date_gmt":"2025-10-23T17:20:52","guid":{"rendered":"https:\/\/primicias2262.com\/noticias\/?p=116968"},"modified":"2025-10-23T17:20:52","modified_gmt":"2025-10-23T17:20:52","slug":"erreguerena-analizo-los-efectos-de-los-930-mm-de-lluvia-acumulados-en-la-siembra-y-cosecha","status":"publish","type":"post","link":"https:\/\/primicias2262.com\/noticias\/erreguerena-analizo-los-efectos-de-los-930-mm-de-lluvia-acumulados-en-la-siembra-y-cosecha\/","title":{"rendered":"Erreguerena analiz\u00f3 los efectos de los 930 mm de lluvia acumulados en la siembra y cosecha"},"content":{"rendered":"<p><strong>El especialista dialog\u00f3 con el periodista Jorge G\u00f3mez, en el marco del programa Voces de la Ciudad que se emite a trav\u00e9s de Estaci\u00f3n FREE, 90.3 en FM.<\/strong><\/p>\n<p>El integrante del INTA,Juan Erreguerena, se explay\u00f3 ante los 930 mil\u00edmetros de lluvia registrados cuando a\u00fan faltan dos meses para que termine el a\u00f1o, y sus efectos en la siembra y cosecha de la regi\u00f3n.<\/p>\n<p>Al principio, contextualiz\u00f3 que \u201chay un dato, y es que habitualmente octubre y noviembre son llovedores, pero ac\u00e1 el problema viene de antes, porque hemos tenido oto\u00f1o, invierno e inicio de primavera con mucha lluvia\u2026 ese es el problema\u201d.<\/p>\n<p>\u201cA ra\u00edz de la acumulaci\u00f3n de humedad en el periodo previo con las lluvias de ahora se nos dificultan todas las labores, por ejemplo entrar a controlar enfermedades en trigo y cebada, que en una condici\u00f3n de humedad como tenemos actualmente es relevante\u201d, manifest\u00f3.<\/p>\n<p>Seguidamente, Juan expres\u00f3 que \u201cen este momento se estar\u00eda consolidando la siembra de ma\u00edz y girasol, y realmente hay alg\u00fan ruido m\u00e1s que importante con ese tema, ya que no se est\u00e1 pudiendo consolidar ese proceso. Algo se avanz\u00f3, pero m\u00ednimamente\u201d, al tiempo que tambi\u00e9n report\u00f3 dificultades para entrar al lote a controlar maleza para que el barbecho est\u00e9 en buenas condiciones.<\/p>\n<p>En consecuencia, Erreguerena plante\u00f3 que \u201csi me pregunt\u00e1s qu\u00e9 prefiero entre esto o una sequ\u00eda, elijo toda la vida esto. El que tenga problemas hoy, que los hay, con agua en superficie o una laguna te va a decir que prefiere otra cosa\u2026 pero la realidad es que, si bien est\u00e1 complicado, no est\u00e1 imposible\u201d.<\/p>\n<p>De hecho, mencion\u00f3 que \u201chay destino de fina que fue pospuesto porque no se pudo sembrar trigo ni cebada, y hoy no se puede entrar todav\u00eda para hacer la gruesa, por ejemplo en el kil\u00f3metro 30 y pico de la Ruta 228. Ah\u00ed las condiciones est\u00e1n al l\u00edmite, y en Tupungato hacia el mar se requiri\u00f3 de algunas intervenciones de Hidr\u00e1ulica para solucionar inconvenientes porque hab\u00eda excesos que promet\u00edan poner en riesgo de inundaci\u00f3n la zona. En general todav\u00eda est\u00e1 contenido\u201d.<\/p>\n","protected":false},"excerpt":{"rendered":"<p>El especialista dialog\u00f3 con el periodista Jorge G\u00f3mez, en el marco del programa Voces de la Ciudad que se emite a trav\u00e9s de Estaci\u00f3n FREE, 90.3 en FM. El integrante del INTA,Juan Erreguerena, se explay\u00f3 ante los 930 mil\u00edmetros de lluvia registrados cuando a\u00fan faltan dos meses para que termine el a\u00f1o, y sus efectos [&hellip;]<\/p>\n","protected":false},"author":3,"featured_media":104548,"comment_status":"open","ping_status":"open","sticky":false,"template":"","format":"standard","meta":{"footnotes":""},"categories":[5],"tags":[],"class_list":{"0":"post-116968","1":"post","2":"type-post","3":"status-publish","4":"format-standard","5":"has-post-thumbnail","7":"category-neco"},"_links":{"self":[{"href":"https:\/\/primicias2262.com\/noticias\/wp-json\/wp\/v2\/posts\/116968","targetHints":{"allow":["GET"]}}],"collection":[{"href":"https:\/\/primicias2262.com\/noticias\/wp-json\/wp\/v2\/posts"}],"about":[{"href":"https:\/\/primicias2262.com\/noticias\/wp-json\/wp\/v2\/types\/post"}],"author":[{"embeddable":true,"href":"https:\/\/primicias2262.com\/noticias\/wp-json\/wp\/v2\/users\/3"}],"replies":[{"embeddable":true,"href":"https:\/\/primicias2262.com\/noticias\/wp-json\/wp\/v2\/comments?post=116968"}],"version-history":[{"count":1,"href":"https:\/\/primicias2262.com\/noticias\/wp-json\/wp\/v2\/posts\/116968\/revisions"}],"predecessor-version":[{"id":116969,"href":"https:\/\/primicias2262.com\/noticias\/wp-json\/wp\/v2\/posts\/116968\/revisions\/116969"}],"wp:featuredmedia":[{"embeddable":true,"href":"https:\/\/primicias2262.com\/noticias\/wp-json\/wp\/v2\/media\/104548"}],"wp:attachment":[{"href":"https:\/\/primicias2262.com\/noticias\/wp-json\/wp\/v2\/media?parent=116968"}],"wp:term":[{"taxonomy":"category","embeddable":true,"href":"https:\/\/primicias2262.com\/noticias\/wp-json\/wp\/v2\/categories?post=116968"},{"taxonomy":"post_tag","embeddable":true,"href":"https:\/\/primicias2262.com\/noticias\/wp-json\/wp\/v2\/tags?post=116968"}],"curies":[{"name":"wp","href":"https:\/\/api.w.org\/{rel}","templated":true}]}}