{"id":116970,"date":"2025-10-23T17:22:13","date_gmt":"2025-10-23T17:22:13","guid":{"rendered":"https:\/\/primicias2262.com\/noticias\/?p=116970"},"modified":"2025-10-23T17:22:13","modified_gmt":"2025-10-23T17:22:13","slug":"el-domingo-tenemos-que-elegir-el-modelo-que-plantea-jimena-que-nos-contempla-a-todos","status":"publish","type":"post","link":"https:\/\/primicias2262.com\/noticias\/el-domingo-tenemos-que-elegir-el-modelo-que-plantea-jimena-que-nos-contempla-a-todos\/","title":{"rendered":"\u201cEl domingo tenemos que elegir el modelo que plantea Jimena, que nos contempla a todos\u201d"},"content":{"rendered":"<p><strong>As\u00ed lo expres\u00f3 \u00a0la abogada Silvia Blanco, integrante de Puerto Quequ\u00e9n y electa concejal por Fuerza Patria, de cara a las elecciones de este domingo 26 de octubre y la candidatura de su amiga Jimena L\u00f3pez.<\/strong><\/p>\n<p>Quien dialog\u00f3 con el periodista Jorge G\u00f3mez, en el marco del programa Voces de la Ciudad que se emite a trav\u00e9s de Estaci\u00f3n FREE, 90.3 en FM, destac\u00f3 que \u201cJimena estuvo recorriendo la provincia y hoy cerraba con dos actos muy importantes, y nosotros acompa\u00f1\u00e1ndola desde ac\u00e1, trabajando desde el espacio en unidad. Hemos hecho una gran capacitaci\u00f3n respecto a lo que tiene que ver con la boleta \u00fanica de papel, tanto con los vecinos en la calle como en las plazas y algunos barrios donde nos convocaron para que les expliquemos\u201d.<\/p>\n<p>Silvia afirm\u00f3 que \u201cle pedimos a la gente que vaya a votar y yo creo que el contexto hace que tengamos este domingo un porcentaje de asistencia igual o mayor a la votaci\u00f3n anterior. Creo que el descontento es grande y las aganas de la gente de votar est\u00e1n, soy optimista en ese sentido y creo que vamos a tener un lindo n\u00famero de electores haciendo valer su voto, defendiendo la democracia y sin\u00a0 tenerle miedo al nuevo sistema, que es muy sencillo\u201d.<\/p>\n<p>Repitiendo lo que dice Sergio Massa en campa\u00f1a, Silvia enfatiz\u00f3 que el voto es \u201cfuerte al medio\u201d, haciendo alusi\u00f3n a la posici\u00f3n que tiene la lista de Jimena en la boleta \u00fanica. \u201cFuerza Patria es la lista 507, entre los 15 espacios a elegir somos la columna 7 con Jimena L\u00f3pez y Jorge Taiana, el \u00fanico espacio que tiene la bandera argentina, as\u00ed que el voto es fuerte al medio\u201d.<\/p>\n<p>Para concluir, quien asumir\u00e1 como concejal en diciembre manifest\u00f3 que \u201cel mensaje de Jimena es claro: el Congreso de la Naci\u00f3n es el \u00f3rgano que hasta hoy le ha puesto freno al gobierno de Milei, entonces es muy importante saber que hoy elegimos eso: si seguir con el modelo que venimos hasta ahora, con este gobierno cruel, o si queremos frenarlo y trabajar sobre el modelo que plantea Jimena, que nos contemple a todos, y por el que militamos nosotros con todos adentro: los m\u00e1s vulnerables, las mujeres, los trabajadores, las empresas, la producci\u00f3n, la econom\u00eda\u201d.<\/p>\n","protected":false},"excerpt":{"rendered":"<p>As\u00ed lo expres\u00f3 \u00a0la abogada Silvia Blanco, integrante de Puerto Quequ\u00e9n y electa concejal por Fuerza Patria, de cara a las elecciones de este domingo 26 de octubre y la candidatura de su amiga Jimena L\u00f3pez. Quien dialog\u00f3 con el periodista Jorge G\u00f3mez, en el marco del programa Voces de la Ciudad que se emite [&hellip;]<\/p>\n","protected":false},"author":3,"featured_media":116845,"comment_status":"open","ping_status":"open","sticky":false,"template":"","format":"standard","meta":{"footnotes":""},"categories":[6],"tags":[],"class_list":{"0":"post-116970","1":"post","2":"type-post","3":"status-publish","4":"format-standard","5":"has-post-thumbnail","7":"category-portada2"},"_links":{"self":[{"href":"https:\/\/primicias2262.com\/noticias\/wp-json\/wp\/v2\/posts\/116970","targetHints":{"allow":["GET"]}}],"collection":[{"href":"https:\/\/primicias2262.com\/noticias\/wp-json\/wp\/v2\/posts"}],"about":[{"href":"https:\/\/primicias2262.com\/noticias\/wp-json\/wp\/v2\/types\/post"}],"author":[{"embeddable":true,"href":"https:\/\/primicias2262.com\/noticias\/wp-json\/wp\/v2\/users\/3"}],"replies":[{"embeddable":true,"href":"https:\/\/primicias2262.com\/noticias\/wp-json\/wp\/v2\/comments?post=116970"}],"version-history":[{"count":1,"href":"https:\/\/primicias2262.com\/noticias\/wp-json\/wp\/v2\/posts\/116970\/revisions"}],"predecessor-version":[{"id":116971,"href":"https:\/\/primicias2262.com\/noticias\/wp-json\/wp\/v2\/posts\/116970\/revisions\/116971"}],"wp:featuredmedia":[{"embeddable":true,"href":"https:\/\/primicias2262.com\/noticias\/wp-json\/wp\/v2\/media\/116845"}],"wp:attachment":[{"href":"https:\/\/primicias2262.com\/noticias\/wp-json\/wp\/v2\/media?parent=116970"}],"wp:term":[{"taxonomy":"category","embeddable":true,"href":"https:\/\/primicias2262.com\/noticias\/wp-json\/wp\/v2\/categories?post=116970"},{"taxonomy":"post_tag","embeddable":true,"href":"https:\/\/primicias2262.com\/noticias\/wp-json\/wp\/v2\/tags?post=116970"}],"curies":[{"name":"wp","href":"https:\/\/api.w.org\/{rel}","templated":true}]}}