{"id":116972,"date":"2025-10-23T22:31:38","date_gmt":"2025-10-23T22:31:38","guid":{"rendered":"https:\/\/primicias2262.com\/noticias\/?p=116972"},"modified":"2025-10-23T22:31:38","modified_gmt":"2025-10-23T22:31:38","slug":"kicillof-dijo-que-el-gobierno-de-milei-es-una-estafa-de-tik-tok-y-apunto-contra-caputo-se-timbea-el-pais","status":"publish","type":"post","link":"https:\/\/primicias2262.com\/noticias\/kicillof-dijo-que-el-gobierno-de-milei-es-una-estafa-de-tik-tok-y-apunto-contra-caputo-se-timbea-el-pais\/","title":{"rendered":"Kicillof dijo que el gobierno de Milei es una \u201cestafa\u201d de Tik-Tok y apunt\u00f3 contra Caputo: \u201cSe timbea el pa\u00eds\u201d"},"content":{"rendered":"<div class=\"article-body\" data-tadevel-template=\"web\/article-body\">\n<div class=\"article-body-content\">\n<p>El gobernador bonaerense,\u00a0<strong>Axel Kicillof<\/strong>, caracteriz\u00f3 hoy al gobierno de<strong>\u00a0Javier Milei\u00a0<\/strong>como una \u201cestafa de Tik-Tok\u201d, dijo que el JP Morgan \u201ctom\u00f3\u201d el Ministerio de Econom\u00eda y que el titular de Hacienda,<strong>\u00a0Luis Caputo<\/strong>, \u201cse est\u00e1 timbeando el pa\u00eds\u201d.<\/p>\n<p>Al encabezar el cierre de campa\u00f1a de<i>\u00a0Fuerza Patria<\/i>\u00a0en la Universidad Nacional de San Mart\u00edn (UNSAM), Kicillof cuestion\u00f3 la idea de que la administraci\u00f3n libertaria sea una novedad en la pol\u00edtica argentina.<\/p>\n<p>\u201c<strong>Lo nuevo, la motosierra, era una estafa en Tik-Tok.\u00a0<\/strong>Al que lo vot\u00f3 porque eran la novedad, ah\u00ed los tienen: (Luis) Caputo, (Federico) Sturzenegger, (Patricia) Bullrich, (Guillermo) Francos, los mismos de siempre\u201d, enfatiz\u00f3.<\/p>\n<p>En esa l\u00ednea, el mandatario provincial considero que\u00a0<strong>el banco JP Morgan \u201ctom\u00f3\u201d el Ministerio de Econom\u00eda a trav\u00e9s de Caputo<\/strong>, y a\u00f1adi\u00f3 que el gobierno de Milei \u201c<strong>convirti\u00f3 a la econom\u00eda nacional en una mesa de dinero\u201d<\/strong>.<\/p>\n<p>\u201c<strong>Con la nuestra, la tuya, la de todos: se est\u00e1n timbeando el pa\u00eds<\/strong> a la vista de todo el mundo. Ni liberal ni libertario ni austriaco: vinieron a fundir, endeudar y fugar la Argentina\u201d, afirm\u00f3.<\/p>\n<p>Y destac\u00f3 que la elecci\u00f3n del pr\u00f3ximo domingo es \u201c<strong>crucial<\/strong>\u201d para el gobierno libertario en t\u00e9rminos del apoyo pol\u00edtico y financiero que requiere por parte de los Estados Unidos.<\/p>\n<p>\u201cEl 7 de septiembre le dimos la voz de aura a la militancia de todo el pa\u00eds. Para que salga a la calle, para que banque y para que el 26 de octubre le digamos a Milei en la provincia de Buenos Aires el \u2018no\u2019 m\u00e1s grande del mundo. En la provincia no pasa la motosierra\u201d, cerr\u00f3 Kicillof.<\/p>\n<p>En tanto, al finalizar el encuentro en el municipio de la Primera Secci\u00f3n Electoral, el referente del Frente Renovador\u00a0<strong>Sergio Massa<\/strong>\u00a0llam\u00f3 a\u00a0<strong>\u201ctrabajar\u201d hasta el domingo para \u201cconvencer\u201d hasta el \u00faltimo votante<\/strong>.<\/p>\n<p>\u201cHay que trabajar hasta el domingo y convencer hasta el \u00faltimo\u00bb, solt\u00f3 Massa en una breve declaraci\u00f3n a C5N, quien aprovech\u00f3 el encuentro para firmar la paz con su rival interno, el candidato a diputado nacional del espacio,\u00a0<strong>Juan Grabois<\/strong>.<\/p>\n<p>\u201cQuiero hacer una menci\u00f3n especial al compa\u00f1ero Sergio Tom\u00e1s, con el que cada tanto me peleo un poquito.<strong>\u00a0Me ayud\u00f3 mucho en la campa\u00f1a<\/strong>\u201d, reconoci\u00f3 Grabois, quien tras su discurso se fundi\u00f3 en un abrazo con el ex intendente de Tigre.<\/p>\n<p>El gobernador estuvo acompa\u00f1ado por el Massa; y los candidatos a diputados de Fuerza Patria, Jorge Taiana, Grabois y Jimena L\u00f3pez, entre otros referentes pol\u00edticos, sociales y sindicales.<\/p>\n<\/div>\n<\/div>\n","protected":false},"excerpt":{"rendered":"<p>El gobernador bonaerense,\u00a0Axel Kicillof, caracteriz\u00f3 hoy al gobierno de\u00a0Javier Milei\u00a0como una \u201cestafa de Tik-Tok\u201d, dijo que el JP Morgan \u201ctom\u00f3\u201d el Ministerio de Econom\u00eda y que el titular de Hacienda,\u00a0Luis Caputo, \u201cse est\u00e1 timbeando el pa\u00eds\u201d. Al encabezar el cierre de campa\u00f1a de\u00a0Fuerza Patria\u00a0en la Universidad Nacional de San Mart\u00edn (UNSAM), Kicillof cuestion\u00f3 la idea [&hellip;]<\/p>\n","protected":false},"author":3,"featured_media":116973,"comment_status":"open","ping_status":"open","sticky":false,"template":"","format":"standard","meta":{"footnotes":""},"categories":[7],"tags":[],"class_list":{"0":"post-116972","1":"post","2":"type-post","3":"status-publish","4":"format-standard","5":"has-post-thumbnail","7":"category-nac"},"_links":{"self":[{"href":"https:\/\/primicias2262.com\/noticias\/wp-json\/wp\/v2\/posts\/116972","targetHints":{"allow":["GET"]}}],"collection":[{"href":"https:\/\/primicias2262.com\/noticias\/wp-json\/wp\/v2\/posts"}],"about":[{"href":"https:\/\/primicias2262.com\/noticias\/wp-json\/wp\/v2\/types\/post"}],"author":[{"embeddable":true,"href":"https:\/\/primicias2262.com\/noticias\/wp-json\/wp\/v2\/users\/3"}],"replies":[{"embeddable":true,"href":"https:\/\/primicias2262.com\/noticias\/wp-json\/wp\/v2\/comments?post=116972"}],"version-history":[{"count":1,"href":"https:\/\/primicias2262.com\/noticias\/wp-json\/wp\/v2\/posts\/116972\/revisions"}],"predecessor-version":[{"id":116974,"href":"https:\/\/primicias2262.com\/noticias\/wp-json\/wp\/v2\/posts\/116972\/revisions\/116974"}],"wp:featuredmedia":[{"embeddable":true,"href":"https:\/\/primicias2262.com\/noticias\/wp-json\/wp\/v2\/media\/116973"}],"wp:attachment":[{"href":"https:\/\/primicias2262.com\/noticias\/wp-json\/wp\/v2\/media?parent=116972"}],"wp:term":[{"taxonomy":"category","embeddable":true,"href":"https:\/\/primicias2262.com\/noticias\/wp-json\/wp\/v2\/categories?post=116972"},{"taxonomy":"post_tag","embeddable":true,"href":"https:\/\/primicias2262.com\/noticias\/wp-json\/wp\/v2\/tags?post=116972"}],"curies":[{"name":"wp","href":"https:\/\/api.w.org\/{rel}","templated":true}]}}