{"id":116978,"date":"2025-10-23T22:41:12","date_gmt":"2025-10-23T22:41:12","guid":{"rendered":"https:\/\/primicias2262.com\/noticias\/?p=116978"},"modified":"2025-10-23T22:41:12","modified_gmt":"2025-10-23T22:41:12","slug":"quien-gana-las-elecciones-2025-google-revela-que-la-real-preocupacion-en-argentina-no-son-los-candidatos","status":"publish","type":"post","link":"https:\/\/primicias2262.com\/noticias\/quien-gana-las-elecciones-2025-google-revela-que-la-real-preocupacion-en-argentina-no-son-los-candidatos\/","title":{"rendered":"\u00bfQui\u00e9n gana las elecciones 2025? Google revela que la REAL preocupaci\u00f3n en Argentina no son los candidatos"},"content":{"rendered":"<p>A pocos d\u00edas de las elecciones legislativas del domingo 26 de octubre, un informe de Google Trends revela qu\u00e9 es lo que realmente desvela al electorado argentino. Y la respuesta no es un candidato o un partido, sino la econom\u00eda:\u00a0<strong>\u00abtrabajo\u00bb, \u00abjubilaci\u00f3n\u00bb y \u00absalario\u00bb<\/strong>\u00a0son los temas pol\u00edticos que dominan el inter\u00e9s de b\u00fasqueda.<\/p>\n<div class=\"article-body\" data-tadevel-template=\"web\/article-body\">\n<div class=\"article-body-content\">\n<p>Seg\u00fan supo Noticias Argentinas, el relevamiento de Google, que mide el inter\u00e9s y no la intenci\u00f3n de voto, muestra que las preocupaciones log\u00edsticas y econ\u00f3micas est\u00e1n por encima de las disputas partidarias a nivel nacional.<\/p>\n<h4><strong>El bolsillo, la principal preocupaci\u00f3n<\/strong><\/h4>\n<p>El informe detalla que los temas pol\u00edticos m\u00e1s buscados por los argentinos en la \u00faltima semana est\u00e1n directamente ligados a la crisis econ\u00f3mica.<\/p>\n<ul>\n<li>Top 5 Nacional (temas pol\u00edticos):TrabajoJubilaci\u00f3nSalarioEconom\u00edaSeguridad(El top 10 lo completan Educaci\u00f3n, Energ\u00eda, Deuda, Coste e Inflaci\u00f3n)<\/li>\n<\/ul>\n<p>Esta tendencia se replica en las principales provincias, con leves variaciones:<\/p>\n<ul>\n<li>CABA y PBA:\n<ol>\n<li>Trabajo<\/li>\n<li>Jubilaci\u00f3n<\/li>\n<li>Salario<\/li>\n<li>Econom\u00eda<\/li>\n<li>Seguridad.<\/li>\n<\/ol>\n<\/li>\n<li>C\u00f3rdoba:\n<ol>\n<li>Trabajo<\/li>\n<li>Jubilaci\u00f3n<\/li>\n<li>Salario<\/li>\n<li>Educaci\u00f3n<\/li>\n<li>Econom\u00eda.<\/li>\n<\/ol>\n<\/li>\n<li>Santa Fe:\n<ol>\n<li>Trabajo<\/li>\n<li>Educaci\u00f3n<\/li>\n<li>Salario<\/li>\n<li>Jubilaci\u00f3n<\/li>\n<li>Deuda.<\/li>\n<\/ol>\n<\/li>\n<\/ul>\n<h4><strong>Dudas log\u00edsticas: Padr\u00f3n y Boleta \u00danica<\/strong><\/h4>\n<p>M\u00e1s all\u00e1 de la econom\u00eda, la principal b\u00fasqueda de los argentinos relacionada con la elecci\u00f3n es puramente pr\u00e1ctica:<\/p>\n<ul>\n<li>T\u00e9rmino m\u00e1s buscado: \u00abPadr\u00f3n electoral 2025\u00bb.<\/li>\n<\/ul>\n<p>Adem\u00e1s, las preguntas que m\u00e1s crecieron en la \u00faltima semana reflejan dudas b\u00e1sicas sobre el proceso democr\u00e1tico y el nuevo sistema de votaci\u00f3n:<\/p>\n<ul>\n<li>\u00bfPor qu\u00e9 es importante votar?<\/li>\n<li>\u00bfQu\u00e9 son las elecciones legislativas?<\/li>\n<li>\u00bfCu\u00e1ndo arranca la veda electoral?<\/li>\n<li>\u00bfC\u00f3mo se vota con la Boleta \u00danica de Papel?<\/li>\n<li>\u00bfD\u00f3nde votar el 26 de octubre?<\/li>\n<\/ul>\n<h4><strong>Confusi\u00f3n de candidatos: \u00ab\u00bfDe qu\u00e9 partido es?\u00bb<\/strong><\/h4>\n<p>El inter\u00e9s sobre los partidos pol\u00edticos no se centra en sus plataformas, sino en identificar a qu\u00e9 espacio pertenecen los candidatos. Las preguntas m\u00e1s populares del \u00faltimo mes fueron:<\/p>\n<ul>\n<li>\u00bfLilia Lemoine de qu\u00e9 partido es?<\/li>\n<li>\u00bfBurlando es candidato de qu\u00e9 partido?<\/li>\n<li>\u00bfC\u00f3mo saber si estoy afiliado a un partido?<\/li>\n<li>\u00bfFacundo Manes de qu\u00e9 partido pol\u00edtico es?<\/li>\n<li>\u00bfFernando Gray de qu\u00e9 partido es?<\/li>\n<li>\u00bfEspert de qu\u00e9 partido es?<\/li>\n<li>\u00bfDiego Santilli de qu\u00e9 partido es?<\/li>\n<\/ul>\n<h4><strong>\u00bfD\u00f3nde \u00abcalienta\u00bb m\u00e1s la elecci\u00f3n?<\/strong><\/h4>\n<p>Geogr\u00e1ficamente, el inter\u00e9s de b\u00fasqueda es m\u00e1s alto en los distritos m\u00e1s grandes, pero el crecimiento m\u00e1s fuerte se ve en provincias patag\u00f3nicas y del norte.<\/p>\n<ul>\n<li>Zonas con M\u00c1S b\u00fasquedas:Provincia de Buenos AiresCiudad Aut\u00f3noma de Buenos AiresProvincia de C\u00f3rdobaProvincia de Santa FeProvincia de Mendoza<\/li>\n<li>Zonas con MAYOR CRECIMIENTO de b\u00fasquedas:Provincia de Santiago del EsteroProvincia de R\u00edo NegroProvincia de MendozaProvincia de Tierra del FuegoProvincia de Santa Cruz<\/li>\n<\/ul>\n<p>Google aclara que estos datos miden el \u00abinter\u00e9s de b\u00fasqueda\u00bb y no predicen un resultado, pero dejan un panorama claro: m\u00e1s que en qui\u00e9n gana, los argentinos est\u00e1n enfocados en c\u00f3mo sobreviven.<\/p>\n<\/div>\n<\/div>\n","protected":false},"excerpt":{"rendered":"<p>A pocos d\u00edas de las elecciones legislativas del domingo 26 de octubre, un informe de Google Trends revela qu\u00e9 es lo que realmente desvela al electorado argentino. Y la respuesta no es un candidato o un partido, sino la econom\u00eda:\u00a0\u00abtrabajo\u00bb, \u00abjubilaci\u00f3n\u00bb y \u00absalario\u00bb\u00a0son los temas pol\u00edticos que dominan el inter\u00e9s de b\u00fasqueda. Seg\u00fan supo Noticias [&hellip;]<\/p>\n","protected":false},"author":3,"featured_media":116979,"comment_status":"open","ping_status":"open","sticky":false,"template":"","format":"standard","meta":{"footnotes":""},"categories":[7],"tags":[],"class_list":{"0":"post-116978","1":"post","2":"type-post","3":"status-publish","4":"format-standard","5":"has-post-thumbnail","7":"category-nac"},"_links":{"self":[{"href":"https:\/\/primicias2262.com\/noticias\/wp-json\/wp\/v2\/posts\/116978","targetHints":{"allow":["GET"]}}],"collection":[{"href":"https:\/\/primicias2262.com\/noticias\/wp-json\/wp\/v2\/posts"}],"about":[{"href":"https:\/\/primicias2262.com\/noticias\/wp-json\/wp\/v2\/types\/post"}],"author":[{"embeddable":true,"href":"https:\/\/primicias2262.com\/noticias\/wp-json\/wp\/v2\/users\/3"}],"replies":[{"embeddable":true,"href":"https:\/\/primicias2262.com\/noticias\/wp-json\/wp\/v2\/comments?post=116978"}],"version-history":[{"count":1,"href":"https:\/\/primicias2262.com\/noticias\/wp-json\/wp\/v2\/posts\/116978\/revisions"}],"predecessor-version":[{"id":116980,"href":"https:\/\/primicias2262.com\/noticias\/wp-json\/wp\/v2\/posts\/116978\/revisions\/116980"}],"wp:featuredmedia":[{"embeddable":true,"href":"https:\/\/primicias2262.com\/noticias\/wp-json\/wp\/v2\/media\/116979"}],"wp:attachment":[{"href":"https:\/\/primicias2262.com\/noticias\/wp-json\/wp\/v2\/media?parent=116978"}],"wp:term":[{"taxonomy":"category","embeddable":true,"href":"https:\/\/primicias2262.com\/noticias\/wp-json\/wp\/v2\/categories?post=116978"},{"taxonomy":"post_tag","embeddable":true,"href":"https:\/\/primicias2262.com\/noticias\/wp-json\/wp\/v2\/tags?post=116978"}],"curies":[{"name":"wp","href":"https:\/\/api.w.org\/{rel}","templated":true}]}}