{"id":117021,"date":"2025-10-27T23:40:24","date_gmt":"2025-10-27T23:40:24","guid":{"rendered":"https:\/\/primicias2262.com\/noticias\/?p=117021"},"modified":"2025-10-27T23:40:24","modified_gmt":"2025-10-27T23:40:24","slug":"los-fort-se-enojaron-con-virginia-gallardo-por-una-foto-usada-en-campana-fue-un-uso-de-imagen","status":"publish","type":"post","link":"https:\/\/primicias2262.com\/noticias\/los-fort-se-enojaron-con-virginia-gallardo-por-una-foto-usada-en-campana-fue-un-uso-de-imagen\/","title":{"rendered":"Los Fort se enojaron con Virginia Gallardo por una foto usada en campa\u00f1a: \u201cFue un uso de imagen\u201d"},"content":{"rendered":"<div class=\"article-body\" data-tadevel-template=\"web\/article-body\">\n<div class=\"article-body-content\">\n<p><strong>Una publicaci\u00f3n de Virginia Gallardo en redes sociales reaviv\u00f3 la tensi\u00f3n con la familia de Ricardo Fort<\/strong>, ya que ahora la diputada nacional electa por La Libertad Avanza, comparti\u00f3 una foto junto al recordado empresario chocolatero y escribi\u00f3 un mensaje cargado de emoci\u00f3n, lo que gener\u00f3 un fuerte malestar entre los herederos del medi\u00e1tico.<\/p>\n<p>En la imagen, Gallardo aparec\u00eda abrazada a Fort y acompa\u00f1\u00f3 el recuerdo con la frase:\u00a0<strong>\u201cEstos d\u00edas la gente te tiene muy presente en mi vida. Algo bueno habremos hecho. Siempre conmigo. Vamos comandante. Conf\u00edo en que me estar\u00e1s cuidando\u201d.<\/strong><\/p>\n<p>En di\u00e1logo con\u00a0<i>Intrusos<\/i>\u00a0(Am\u00e9rica TV), C\u00e9sar Carrozza, abogado de Marta y Felipe Fort, expres\u00f3 su disgusto por la publicaci\u00f3n y la calific\u00f3 como un acto inapropiado.<\/p>\n<p><strong>\u201cMe hizo ruido. No hay ninguna fecha especial, esto fue una campa\u00f1a pol\u00edtica en la que se utiliz\u00f3 a Ricardo, y fue lo \u00fanico que dije\u201d<\/strong>, se\u00f1al\u00f3.<\/p>\n<p>El letrado record\u00f3 que Virginia hab\u00eda decidido no participar en la biograf\u00eda audiovisual sobre la vida de Fort y consider\u00f3 contradictorio que ahora recurriera a su imagen.<\/p>\n<p><strong>\u201cElla dijo que no quer\u00eda participar para despegar su imagen, y est\u00e1 en todo su derecho. Pero ac\u00e1 se est\u00e1 usando la imagen de Ricardo y los hijos no lo consintieron\u201d<\/strong>, explic\u00f3.<\/p>\n<p>Carrozza tambi\u00e9n remarc\u00f3 que la modelo no suele compartir publicaciones sobre Fort, y que la familia no planea accionar legalmente, aunque considera el caso un uso indebido de imagen.<\/p>\n<p><strong>\u201cNo vamos a mandar una carta documento ni pedir un cachet, pero esto es un uso de imagen. En todo este tiempo, Virginia no public\u00f3 nada ni para su cumplea\u00f1os ni para el aniversario de su fallecimiento\u201d<\/strong>, a\u00f1adi\u00f3.<\/p>\n<p>Lejos de dejar pasar el comentario, Gallardo respondi\u00f3 con firmeza desde su cuenta de X (ex Twitter).<\/p>\n<p><strong>\u201cQu\u00e9 raro que el abogado de la familia diga que quiero lucrar justo cuando no quise hacerlo. Claro, era redituable para ellos. PD: hay archivo del mismo abogado defendi\u00e9ndome en ese momento. Memoria\u201d<\/strong>, escribi\u00f3 la exvedette y actual diputada, que obtuvo un 32,68% de los votos en Corrientes.<\/p>\n<p>El posteo de Gallardo coincidi\u00f3 con un nuevo aniversario cercano al fallecimiento de Fort, ocurrido en noviembre de 2013.\u00a0<strong>Aunque la actriz ha recordado en varias ocasiones su relaci\u00f3n con el empresario, esta vez el contexto electoral y su nuevo rol pol\u00edtico encendieron la pol\u00e9mica.<\/strong><\/p>\n<p>Mientras la familia del \u201cComandante\u201d considera que la publicaci\u00f3n fue oportunista, Virginia Gallardo defiende su derecho a recordar a quien, seg\u00fan sus palabras, \u201cfue una persona importante en su vida\u201d.<\/p>\n<\/div>\n<\/div>\n","protected":false},"excerpt":{"rendered":"<p>Una publicaci\u00f3n de Virginia Gallardo en redes sociales reaviv\u00f3 la tensi\u00f3n con la familia de Ricardo Fort, ya que ahora la diputada nacional electa por La Libertad Avanza, comparti\u00f3 una foto junto al recordado empresario chocolatero y escribi\u00f3 un mensaje cargado de emoci\u00f3n, lo que gener\u00f3 un fuerte malestar entre los herederos del medi\u00e1tico. En [&hellip;]<\/p>\n","protected":false},"author":3,"featured_media":117022,"comment_status":"open","ping_status":"open","sticky":false,"template":"","format":"standard","meta":{"footnotes":""},"categories":[7],"tags":[],"class_list":{"0":"post-117021","1":"post","2":"type-post","3":"status-publish","4":"format-standard","5":"has-post-thumbnail","7":"category-nac"},"_links":{"self":[{"href":"https:\/\/primicias2262.com\/noticias\/wp-json\/wp\/v2\/posts\/117021","targetHints":{"allow":["GET"]}}],"collection":[{"href":"https:\/\/primicias2262.com\/noticias\/wp-json\/wp\/v2\/posts"}],"about":[{"href":"https:\/\/primicias2262.com\/noticias\/wp-json\/wp\/v2\/types\/post"}],"author":[{"embeddable":true,"href":"https:\/\/primicias2262.com\/noticias\/wp-json\/wp\/v2\/users\/3"}],"replies":[{"embeddable":true,"href":"https:\/\/primicias2262.com\/noticias\/wp-json\/wp\/v2\/comments?post=117021"}],"version-history":[{"count":1,"href":"https:\/\/primicias2262.com\/noticias\/wp-json\/wp\/v2\/posts\/117021\/revisions"}],"predecessor-version":[{"id":117023,"href":"https:\/\/primicias2262.com\/noticias\/wp-json\/wp\/v2\/posts\/117021\/revisions\/117023"}],"wp:featuredmedia":[{"embeddable":true,"href":"https:\/\/primicias2262.com\/noticias\/wp-json\/wp\/v2\/media\/117022"}],"wp:attachment":[{"href":"https:\/\/primicias2262.com\/noticias\/wp-json\/wp\/v2\/media?parent=117021"}],"wp:term":[{"taxonomy":"category","embeddable":true,"href":"https:\/\/primicias2262.com\/noticias\/wp-json\/wp\/v2\/categories?post=117021"},{"taxonomy":"post_tag","embeddable":true,"href":"https:\/\/primicias2262.com\/noticias\/wp-json\/wp\/v2\/tags?post=117021"}],"curies":[{"name":"wp","href":"https:\/\/api.w.org\/{rel}","templated":true}]}}