{"id":117043,"date":"2025-10-28T18:51:11","date_gmt":"2025-10-28T18:51:11","guid":{"rendered":"https:\/\/primicias2262.com\/noticias\/?p=117043"},"modified":"2025-10-28T18:51:11","modified_gmt":"2025-10-28T18:51:11","slug":"santilli-me-gustaria-ser-gobernador-de-la-provincia","status":"publish","type":"post","link":"https:\/\/primicias2262.com\/noticias\/santilli-me-gustaria-ser-gobernador-de-la-provincia\/","title":{"rendered":"Santilli: \u201cMe gustar\u00eda ser gobernador de la Provincia\u201d"},"content":{"rendered":"<div class=\"article-body\" data-tadevel-template=\"web\/article-body\">\n<div class=\"article-body-content\">\n<p>El diputado electo de La Libertad Avanza (LLA) Diego Santilli sostuvo hoy que \u201cle gustar\u00eda ser gobernador\u201d de la provincia de Buenos Aires.<\/p>\n<p>En la misma l\u00ednea, se\u00f1al\u00f3 que \u201cla reforma\u201d y \u201clas ideas del cambio\u201d, que promueve el Gobierno del presidente Javier Milei, \u201clo motiva\u201d a ser mandatario provincial porque le gustar\u00eda implementar ese mismo plan en el distrito bonaerense.<\/p>\n<p>\u201cPor supuesto que me gustar\u00eda ser gobernador porque me gustar\u00eda llevar esta reforma, estas ideas del cambio, a la provincia de Buenos Aires. Voy a hacer corto: tiene el 38% de la poblaci\u00f3n y el 35% de Producto Bruto Interno. Es la primera en cabeza de ganado de la Argentina, primera en soja y en trigo y segunda en ma\u00edz\u201d, enumer\u00f3 Santilli.<\/p>\n<p>Por otra parte, resalt\u00f3 tambi\u00e9n se trata de un distrito con los principales puertos y es l\u00edder de la industria en general, particularmente, en el \u00e1rea automotriz. \u201cAdem\u00e1s, tiene el segundo polo petroqu\u00edmico de Latinoam\u00e9rica\u201d, agreg\u00f3. \u201cEsa Provincia est\u00e1 ah\u00ed y puede generar laburo, puede salir adelante y vivir m\u00e1s tranquila. Esa pelea me gusta darla\u201d, concluy\u00f3.<\/p>\n<\/div>\n<\/div>\n","protected":false},"excerpt":{"rendered":"<p>El diputado electo de La Libertad Avanza (LLA) Diego Santilli sostuvo hoy que \u201cle gustar\u00eda ser gobernador\u201d de la provincia de Buenos Aires. En la misma l\u00ednea, se\u00f1al\u00f3 que \u201cla reforma\u201d y \u201clas ideas del cambio\u201d, que promueve el Gobierno del presidente Javier Milei, \u201clo motiva\u201d a ser mandatario provincial porque le gustar\u00eda implementar ese [&hellip;]<\/p>\n","protected":false},"author":3,"featured_media":117044,"comment_status":"open","ping_status":"open","sticky":false,"template":"","format":"standard","meta":{"footnotes":""},"categories":[7],"tags":[],"class_list":{"0":"post-117043","1":"post","2":"type-post","3":"status-publish","4":"format-standard","5":"has-post-thumbnail","7":"category-nac"},"_links":{"self":[{"href":"https:\/\/primicias2262.com\/noticias\/wp-json\/wp\/v2\/posts\/117043","targetHints":{"allow":["GET"]}}],"collection":[{"href":"https:\/\/primicias2262.com\/noticias\/wp-json\/wp\/v2\/posts"}],"about":[{"href":"https:\/\/primicias2262.com\/noticias\/wp-json\/wp\/v2\/types\/post"}],"author":[{"embeddable":true,"href":"https:\/\/primicias2262.com\/noticias\/wp-json\/wp\/v2\/users\/3"}],"replies":[{"embeddable":true,"href":"https:\/\/primicias2262.com\/noticias\/wp-json\/wp\/v2\/comments?post=117043"}],"version-history":[{"count":1,"href":"https:\/\/primicias2262.com\/noticias\/wp-json\/wp\/v2\/posts\/117043\/revisions"}],"predecessor-version":[{"id":117045,"href":"https:\/\/primicias2262.com\/noticias\/wp-json\/wp\/v2\/posts\/117043\/revisions\/117045"}],"wp:featuredmedia":[{"embeddable":true,"href":"https:\/\/primicias2262.com\/noticias\/wp-json\/wp\/v2\/media\/117044"}],"wp:attachment":[{"href":"https:\/\/primicias2262.com\/noticias\/wp-json\/wp\/v2\/media?parent=117043"}],"wp:term":[{"taxonomy":"category","embeddable":true,"href":"https:\/\/primicias2262.com\/noticias\/wp-json\/wp\/v2\/categories?post=117043"},{"taxonomy":"post_tag","embeddable":true,"href":"https:\/\/primicias2262.com\/noticias\/wp-json\/wp\/v2\/tags?post=117043"}],"curies":[{"name":"wp","href":"https:\/\/api.w.org\/{rel}","templated":true}]}}