{"id":117046,"date":"2025-10-28T18:54:38","date_gmt":"2025-10-28T18:54:38","guid":{"rendered":"https:\/\/primicias2262.com\/noticias\/?p=117046"},"modified":"2025-10-28T18:54:38","modified_gmt":"2025-10-28T18:54:38","slug":"reforma-laboral-presentada-por-lla-que-pasa-si-me-tomo-vacaciones-con-mi-pareja","status":"publish","type":"post","link":"https:\/\/primicias2262.com\/noticias\/reforma-laboral-presentada-por-lla-que-pasa-si-me-tomo-vacaciones-con-mi-pareja\/","title":{"rendered":"Reforma laboral presentada por LLA: \u00bfQu\u00e9 pasa si me tomo vacaciones con mi pareja?"},"content":{"rendered":"<div class=\"article-body\" data-tadevel-template=\"web\/article-body\">\n<div class=\"article-body-content\">\n<p>El\u00a0<strong>Proyecto de<\/strong>\u00a0<strong>Ley de Promoci\u00f3n de Inversiones y Empleo<\/strong>, presentado por la Diputada Romina Diez de\u00a0<a href=\"https:\/\/noticiasargentinas.com\/politica\/la-libertad-avanza-sera-primera-minoria-junto-al-pro-con-casi-110-diputados_a68febd5eafe47d16df4d7704?srsltid=AfmBOooCBqjFAP6GYM1qiCobFdtOVOJ71wjSwPJvpl37OG9rGr9lil_w\">La Libertad Avanza<\/a>, propone modificaciones que, de ser aprobadas, impactar\u00e1n directamente en el d\u00eda a d\u00eda de millones de trabajadores, desde c\u00f3mo toman sus\u00a0<strong>vacaciones<\/strong>\u00a0hasta c\u00f3mo se manejan las\u00a0<strong>ausencias por enfermedad<\/strong>.<\/p>\n<p>A continuaci\u00f3n, un detalle de los cambios m\u00e1s relevantes que se destcan en la norma con respecto a la rutina laboral de los trabadaores argentinos:<\/p>\n<h5><strong>1. Flexibilidad en Vacaciones: La Semana M\u00ednima y el Descanso en Pareja<\/strong><\/h5>\n<p><mark>El\u00a0<strong>Art\u00edculo 154<\/strong>\u00a0flexibiliza el r\u00e9gimen de descanso anual<\/mark>:<\/p>\n<ul>\n<li><strong>Fraccionamiento<\/strong>: Las vacaciones podr\u00e1n otorgarse en forma fragmentada y por per\u00edodos no inferiores a una (1) semana.<\/li>\n<li><strong>\u00c9poca de Otorgamiento<\/strong>: Se podr\u00e1n tomar en cualquier momento del a\u00f1o, ya no solo en el periodo de temporada (salvo que el trabajador elija lo contrario al menos una vez cada dos per\u00edodos).<\/li>\n<li><strong>Vacaciones en Pareja<\/strong>: Los trabajadores unidos en matrimonio u otras formas de uni\u00f3n familiar que se desempe\u00f1en para el mismo empleador podr\u00e1n solicitar gozar sus vacaciones de forma conjunta y simult\u00e1nea. Sin embargo, la potestad final para autorizar esa simultaneidad queda en manos del empleador, priorizando las necesidades operativas de la empresa.<\/li>\n<\/ul>\n<p>Esta medida busca adaptarse a las necesidades de producci\u00f3n de las empresas y a los intereses familiares de los trabajadores, siempre que se respete el m\u00ednimo semanal.<\/p>\n<h5><strong>2. El Banco de Horas y la Jornada (Art. 197 bis)<\/strong><\/h5>\n<p>La reforma incorpora la posibilidad de que las\u00a0<strong>convenciones colectivas<\/strong>\u00a0puedan establecer reg\u00edmenes flexibles de jornada, incluyendo el\u00a0<strong>\u00abBanco de Horas\u00bb<\/strong>. Esto significa que las horas trabajadas por encima de la jornada normal podr\u00edan acumularse como cr\u00e9dito en lugar de pagarse autom\u00e1ticamente como extra, para luego ser compensadas con d\u00edas libres, siempre respetando un descanso m\u00ednimo de\u00a0<strong>12 horas entre jornada y jornada<\/strong>.<\/p>\n<h5><strong>3. Nuevo Control de Licencias por Enfermedad (Art. 208)<\/strong><\/h5>\n<p>Se mantiene el derecho a la licencia paga por enfermedad, pero se crea un\u00a0<strong>nuevo mecanismo de control<\/strong>. En caso de duda sobre la veracidad de un certificado m\u00e9dico presentado por el trabajador, el empleador podr\u00e1 denunciarlo ante la Secretar\u00eda de Trabajo, la cual podr\u00e1 convocar al m\u00e9dico firmante o solicitar nuevos estudios. Este sistema apunta a reducir el abuso en las licencias por motivos de salud.<\/p>\n<h5><strong>4. Adi\u00f3s a la Indemnizaci\u00f3n por Extinci\u00f3n de Empleo por Enfermedad (Art. 211)<\/strong><\/h5>\n<p>Actualmente, si un trabajador no se reincorpora a su puesto luego de un a\u00f1o de vencido el plazo de conservaci\u00f3n por enfermedad, la empresa debe abonar la mitad de la indemnizaci\u00f3n. Con la reforma, el contrato\u00a0<strong>subsistir\u00e1 hasta que una de las partes decida y notifique su voluntad de rescindirlo<\/strong>, y\u00a0<strong>la extinci\u00f3n en tal forma exime a las partes de responsabilidad indemnizatoria<\/strong>.<\/p>\n<\/div>\n<\/div>\n","protected":false},"excerpt":{"rendered":"<p>El\u00a0Proyecto de\u00a0Ley de Promoci\u00f3n de Inversiones y Empleo, presentado por la Diputada Romina Diez de\u00a0La Libertad Avanza, propone modificaciones que, de ser aprobadas, impactar\u00e1n directamente en el d\u00eda a d\u00eda de millones de trabajadores, desde c\u00f3mo toman sus\u00a0vacaciones\u00a0hasta c\u00f3mo se manejan las\u00a0ausencias por enfermedad. A continuaci\u00f3n, un detalle de los cambios m\u00e1s relevantes que se [&hellip;]<\/p>\n","protected":false},"author":3,"featured_media":117047,"comment_status":"open","ping_status":"open","sticky":false,"template":"","format":"standard","meta":{"footnotes":""},"categories":[7],"tags":[],"class_list":{"0":"post-117046","1":"post","2":"type-post","3":"status-publish","4":"format-standard","5":"has-post-thumbnail","7":"category-nac"},"_links":{"self":[{"href":"https:\/\/primicias2262.com\/noticias\/wp-json\/wp\/v2\/posts\/117046","targetHints":{"allow":["GET"]}}],"collection":[{"href":"https:\/\/primicias2262.com\/noticias\/wp-json\/wp\/v2\/posts"}],"about":[{"href":"https:\/\/primicias2262.com\/noticias\/wp-json\/wp\/v2\/types\/post"}],"author":[{"embeddable":true,"href":"https:\/\/primicias2262.com\/noticias\/wp-json\/wp\/v2\/users\/3"}],"replies":[{"embeddable":true,"href":"https:\/\/primicias2262.com\/noticias\/wp-json\/wp\/v2\/comments?post=117046"}],"version-history":[{"count":1,"href":"https:\/\/primicias2262.com\/noticias\/wp-json\/wp\/v2\/posts\/117046\/revisions"}],"predecessor-version":[{"id":117048,"href":"https:\/\/primicias2262.com\/noticias\/wp-json\/wp\/v2\/posts\/117046\/revisions\/117048"}],"wp:featuredmedia":[{"embeddable":true,"href":"https:\/\/primicias2262.com\/noticias\/wp-json\/wp\/v2\/media\/117047"}],"wp:attachment":[{"href":"https:\/\/primicias2262.com\/noticias\/wp-json\/wp\/v2\/media?parent=117046"}],"wp:term":[{"taxonomy":"category","embeddable":true,"href":"https:\/\/primicias2262.com\/noticias\/wp-json\/wp\/v2\/categories?post=117046"},{"taxonomy":"post_tag","embeddable":true,"href":"https:\/\/primicias2262.com\/noticias\/wp-json\/wp\/v2\/tags?post=117046"}],"curies":[{"name":"wp","href":"https:\/\/api.w.org\/{rel}","templated":true}]}}