{"id":117049,"date":"2025-10-28T18:57:10","date_gmt":"2025-10-28T18:57:10","guid":{"rendered":"https:\/\/primicias2262.com\/noticias\/?p=117049"},"modified":"2025-10-28T18:57:10","modified_gmt":"2025-10-28T18:57:10","slug":"rappallini-hablo-del-dolar-de-equilibrio-y-apunto-a-los-costos-laborales-e-impositivos","status":"publish","type":"post","link":"https:\/\/primicias2262.com\/noticias\/rappallini-hablo-del-dolar-de-equilibrio-y-apunto-a-los-costos-laborales-e-impositivos\/","title":{"rendered":"Rappallini habl\u00f3 del d\u00f3lar de equilibrio y apunt\u00f3 a los costos laborales e impositivos"},"content":{"rendered":"<div class=\"article-body\" data-tadevel-template=\"web\/article-body\">\n<div class=\"article-body-content\">\n<p>El presidente de la Uni\u00f3n Industrial Argentina (UIA), Mart\u00edn Rappallini, dijo hoy que el d\u00f3lar en $1.500 est\u00e1 \u00aben equilibrio\u00bb y se\u00f1al\u00f3 que es necesario trabajar sobre los costos laborales e impositivos para \u00abtener una Argentina mucho m\u00e1s competitiva\u00bb.<\/p>\n<p>\u00abNo podemos estar siempre corriendo atr\u00e1s del d\u00f3lar. Se tiene que realmente trabajar sobre los costos internos y as\u00ed vamos a tener una Argentina mucho m\u00e1s competitiva. El foco tiene que estar puesto en las reformas estructurales\u00bb, afirm\u00f3 el referente industrial, en la red social X.<\/p>\n<p>Rappallini dijo adem\u00e1s que \u00abel d\u00f3lar en $1.500 est\u00e1 en equilibrio\u201d y apunt\u00f3 a la necesidad de reformas estructurales. \u00abSi tenemos un costo alto en t\u00e9rminos laborales, impositivos, no hay d\u00f3lar que te alcance. Esto es lo que nosotros estamos viendo, que lo venimos diciendo ya hace varios meses\u00bb, se\u00f1al\u00f3.<\/p>\n<p>En declaraciones a Radio Mitre, sostuvo que \u00absino estamos toda la vida corriendo atr\u00e1s del d\u00f3lar y el d\u00f3lar no te resuelve nada. Se tiene que realmente trabajar sobre los costos internos y de esa manera vamos a tener una Argentina mucho m\u00e1s competitiva\u00bb.<\/p>\n<p>Consider\u00f3 que \u00aben el corto plazo, es necesario reducir las tasas de inter\u00e9s y reactivar la econom\u00eda, que sufri\u00f3 en los \u00faltimos meses por la turbulencia y la tensi\u00f3n financiera. Luego, ser\u00e1 clave avanzar con las reformas estructurales necesarias para disminuir el costo argentino y potenciar la competitividad de todos los sectores\u00bb.<\/p>\n<p>Agreg\u00f3 que \u00aben los \u00faltimos tres meses, el freno del consumo impact\u00f3 con fuerza\u00bb en actividades industriales, por lo que llam\u00f3 a \u00abtrabajar en que bajen las tasas de inter\u00e9s, y creo tambi\u00e9n que con un horizonte m\u00e1s claro, la econom\u00eda se reactiva y cuando se reactiva empieza de vuelta el empleo a desarrollarse\u00bb.<\/p>\n<p>\u00abLa verdad es que ven\u00edamos con unos meses complejos, con una p\u00e9rdida que hab\u00eda subido casi a 3.000 puestos de trabajo\u00bb, concluy\u00f3.<\/p>\n<\/div>\n<\/div>\n","protected":false},"excerpt":{"rendered":"<p>El presidente de la Uni\u00f3n Industrial Argentina (UIA), Mart\u00edn Rappallini, dijo hoy que el d\u00f3lar en $1.500 est\u00e1 \u00aben equilibrio\u00bb y se\u00f1al\u00f3 que es necesario trabajar sobre los costos laborales e impositivos para \u00abtener una Argentina mucho m\u00e1s competitiva\u00bb. \u00abNo podemos estar siempre corriendo atr\u00e1s del d\u00f3lar. Se tiene que realmente trabajar sobre los costos [&hellip;]<\/p>\n","protected":false},"author":3,"featured_media":117050,"comment_status":"open","ping_status":"open","sticky":false,"template":"","format":"standard","meta":{"footnotes":""},"categories":[7],"tags":[],"class_list":{"0":"post-117049","1":"post","2":"type-post","3":"status-publish","4":"format-standard","5":"has-post-thumbnail","7":"category-nac"},"_links":{"self":[{"href":"https:\/\/primicias2262.com\/noticias\/wp-json\/wp\/v2\/posts\/117049","targetHints":{"allow":["GET"]}}],"collection":[{"href":"https:\/\/primicias2262.com\/noticias\/wp-json\/wp\/v2\/posts"}],"about":[{"href":"https:\/\/primicias2262.com\/noticias\/wp-json\/wp\/v2\/types\/post"}],"author":[{"embeddable":true,"href":"https:\/\/primicias2262.com\/noticias\/wp-json\/wp\/v2\/users\/3"}],"replies":[{"embeddable":true,"href":"https:\/\/primicias2262.com\/noticias\/wp-json\/wp\/v2\/comments?post=117049"}],"version-history":[{"count":1,"href":"https:\/\/primicias2262.com\/noticias\/wp-json\/wp\/v2\/posts\/117049\/revisions"}],"predecessor-version":[{"id":117051,"href":"https:\/\/primicias2262.com\/noticias\/wp-json\/wp\/v2\/posts\/117049\/revisions\/117051"}],"wp:featuredmedia":[{"embeddable":true,"href":"https:\/\/primicias2262.com\/noticias\/wp-json\/wp\/v2\/media\/117050"}],"wp:attachment":[{"href":"https:\/\/primicias2262.com\/noticias\/wp-json\/wp\/v2\/media?parent=117049"}],"wp:term":[{"taxonomy":"category","embeddable":true,"href":"https:\/\/primicias2262.com\/noticias\/wp-json\/wp\/v2\/categories?post=117049"},{"taxonomy":"post_tag","embeddable":true,"href":"https:\/\/primicias2262.com\/noticias\/wp-json\/wp\/v2\/tags?post=117049"}],"curies":[{"name":"wp","href":"https:\/\/api.w.org\/{rel}","templated":true}]}}