{"id":117052,"date":"2025-10-28T18:59:38","date_gmt":"2025-10-28T18:59:38","guid":{"rendered":"https:\/\/primicias2262.com\/noticias\/?p=117052"},"modified":"2025-10-28T18:59:38","modified_gmt":"2025-10-28T18:59:38","slug":"francos-sobre-su-futuro-no-creo-que-yo-este-en-la-posicion-de-ir-a-otro-lugar-en-el-estado","status":"publish","type":"post","link":"https:\/\/primicias2262.com\/noticias\/francos-sobre-su-futuro-no-creo-que-yo-este-en-la-posicion-de-ir-a-otro-lugar-en-el-estado\/","title":{"rendered":"Francos, sobre su futuro: \u201cNo creo que yo est\u00e9 en la posici\u00f3n de ir a otro lugar en el Estado\u201d"},"content":{"rendered":"<div class=\"article-body\" data-tadevel-template=\"web\/article-body\">\n<div class=\"article-body-content\">\n<p>El jefe de Gabinete,\u00a0<strong>Guillermo Francos<\/strong>, afirm\u00f3 hoy que no se visualiza en otro cargo dentro del Gobierno nacional, en medio de los recambios ministeriales que se esperan en la administraci\u00f3n del presidente Javier Milei.<\/p>\n<p><strong>\u201cDespu\u00e9s de ser jefe de Gabinete qu\u00e9 le puedo pedir al Presidente. \u00bfQu\u00e9 me pueden ofrecer? Nada. He cumplido un rol que el Presidente valora.<\/strong>\u00a0No creo que yo est\u00e9 en la posici\u00f3n de ir a otro lugar en el Estado\u201d, subray\u00f3 en di\u00e1logo con una radio porte\u00f1a.<\/p>\n<p>Antes,\u00a0Francos asegur\u00f3 que\u00a0<strong>La Libertad Avanza triunf\u00f3 en las elecciones del domingo porque la ciudadan\u00eda tuvo \u201ctemor al pasado\u201d\u00a0<\/strong>y \u201cal populismo\u201d y porque Milei se puso la campa\u00f1a \u201cal hombro y fue a recorrer el pa\u00eds\u201d.<\/p>\n<p>\u201cLa gente eligi\u00f3 apoyar al presidente Milei mayoritariamente por temor al pasado, por temor al populismo, a lo que hab\u00edamos vivido hasta diciembre de 2023, y que no nos lleva a ning\u00fan lado\u201d, expres\u00f3.<\/p>\n<p>Francos asegur\u00f3 que desde el Gobierno ven la situaci\u00f3n actual \u201cmuy entusiasmados\u201d porque \u201c<strong>con solo 35 diputados nacionales y seis senadores\u201d lograron \u201caprobar leyes importantes\u201d.<\/strong><\/p>\n<p>\u201cAs\u00ed que calculamos lo que podremos hacer con m\u00e1s de 90 diputados nacionales y 20 senadores. Estamos muy entusiasmados con conseguir ahora los acuerdos necesarios para avanzar en los proyectos que anuncio el Presidente en sus \u00faltimas intervenciones p\u00fablicas, porque\u00a0<strong>queremos una Argentina en crecimiento y lo vamos a lograr con esta nueva mayor\u00eda\u201d, dijo<\/strong>.<\/p>\n<p>Para Francos, \u201cahora se necesita darle a la actividad econ\u00f3mica real el marco para que los emprendedores\u00a0<strong>puedan desenvolver su actividad con seguridad y eso se consigue con mayor\u00edas legislativas<\/strong>\u201d.<\/p>\n<p>Francos indic\u00f3 que hablan \u201cpermanentemente con los gobernadores\u201d y que \u201cno es algo novedoso\u201d. Y agreg\u00f3: \u201cLo que el Presidente plante\u00f3 es que e<strong>ntramos en una etapa de construir consensos<\/strong>\u00a0porque tenemos un bloque m\u00e1s numeroso ,pero tampoco tenemos la mayor\u00eda\u201d.<\/p>\n<\/div>\n<\/div>\n","protected":false},"excerpt":{"rendered":"<p>El jefe de Gabinete,\u00a0Guillermo Francos, afirm\u00f3 hoy que no se visualiza en otro cargo dentro del Gobierno nacional, en medio de los recambios ministeriales que se esperan en la administraci\u00f3n del presidente Javier Milei. \u201cDespu\u00e9s de ser jefe de Gabinete qu\u00e9 le puedo pedir al Presidente. \u00bfQu\u00e9 me pueden ofrecer? Nada. He cumplido un rol [&hellip;]<\/p>\n","protected":false},"author":3,"featured_media":114428,"comment_status":"open","ping_status":"open","sticky":false,"template":"","format":"standard","meta":{"footnotes":""},"categories":[7],"tags":[],"class_list":{"0":"post-117052","1":"post","2":"type-post","3":"status-publish","4":"format-standard","5":"has-post-thumbnail","7":"category-nac"},"_links":{"self":[{"href":"https:\/\/primicias2262.com\/noticias\/wp-json\/wp\/v2\/posts\/117052","targetHints":{"allow":["GET"]}}],"collection":[{"href":"https:\/\/primicias2262.com\/noticias\/wp-json\/wp\/v2\/posts"}],"about":[{"href":"https:\/\/primicias2262.com\/noticias\/wp-json\/wp\/v2\/types\/post"}],"author":[{"embeddable":true,"href":"https:\/\/primicias2262.com\/noticias\/wp-json\/wp\/v2\/users\/3"}],"replies":[{"embeddable":true,"href":"https:\/\/primicias2262.com\/noticias\/wp-json\/wp\/v2\/comments?post=117052"}],"version-history":[{"count":1,"href":"https:\/\/primicias2262.com\/noticias\/wp-json\/wp\/v2\/posts\/117052\/revisions"}],"predecessor-version":[{"id":117053,"href":"https:\/\/primicias2262.com\/noticias\/wp-json\/wp\/v2\/posts\/117052\/revisions\/117053"}],"wp:featuredmedia":[{"embeddable":true,"href":"https:\/\/primicias2262.com\/noticias\/wp-json\/wp\/v2\/media\/114428"}],"wp:attachment":[{"href":"https:\/\/primicias2262.com\/noticias\/wp-json\/wp\/v2\/media?parent=117052"}],"wp:term":[{"taxonomy":"category","embeddable":true,"href":"https:\/\/primicias2262.com\/noticias\/wp-json\/wp\/v2\/categories?post=117052"},{"taxonomy":"post_tag","embeddable":true,"href":"https:\/\/primicias2262.com\/noticias\/wp-json\/wp\/v2\/tags?post=117052"}],"curies":[{"name":"wp","href":"https:\/\/api.w.org\/{rel}","templated":true}]}}