{"id":117066,"date":"2025-10-29T21:59:58","date_gmt":"2025-10-29T21:59:58","guid":{"rendered":"https:\/\/primicias2262.com\/noticias\/?p=117066"},"modified":"2025-10-29T21:59:58","modified_gmt":"2025-10-29T21:59:58","slug":"el-gobierno-actualiza-hasta-un-35-las-prestaciones-para-discapacidad","status":"publish","type":"post","link":"https:\/\/primicias2262.com\/noticias\/el-gobierno-actualiza-hasta-un-35-las-prestaciones-para-discapacidad\/","title":{"rendered":"El Gobierno actualiza hasta un 35% las prestaciones para discapacidad"},"content":{"rendered":"<div class=\"article-body\" data-tadevel-template=\"web\/article-body\">\n<div class=\"article-body-content\">\n<p>El Gobierno anunci\u00f3 una actualizaci\u00f3n de entre el 29% y el 35% en los valores del nomenclador que determina los montos abonados a los prestadores de servicios destinados a la atenci\u00f3n de personas con discapacidad, en medio de fuertes reclamos de familiares que denunciaron una ca\u00edda de los fondos destinados al sector.<\/p>\n<p>Tras la victoria electoral del oficialismo, se oficializ\u00f3 la medida a trav\u00e9s de la Jefatura de Gabinete, que aclar\u00f3 que se aplicar\u00e1 de manera escalonada entre octubre y diciembre de 2025, con el objetivo de acompa\u00f1ar el aumento de los costos del sector y brindar mayor previsibilidad al sistema.<\/p>\n<p>Seg\u00fan inform\u00f3 la ANDIS (Agencia de Discapacidad), el incremento abarcar\u00e1 diversas modalidades y tipos de prestaciones contempladas en el nomenclador nacional, que sirve como referencia para instituciones p\u00fablicas y privadas.<\/p>\n<p>Desde el organismo\u00a0se\u00f1alaron que el aumento busca sostener la calidad de los servicios y garantizar la continuidad de las prestaciones en internaciones, transporte especializado, acompa\u00f1amiento educativo y laboral, atenci\u00f3n m\u00e9dica y programas de rehabilitaci\u00f3n.<\/p>\n<p>Adem\u00e1s, remarcaron que la actualizaci\u00f3n permitir\u00e1 mantener los valores de las prestaciones por encima de la inflaci\u00f3n estimada para 2026, \u00abaportando estabilidad a las relaciones entre prestadores, obras sociales y el Estado\u00bb.<\/p>\n<p>El ajuste del nomenclador constituye una herramienta central para la financiaci\u00f3n del sistema, ya que determina los valores reconocidos por el\u00a0Programa Federal Incluir Salud y otros organismos financiadores.<\/p>\n<p>La semana pasada, el\u00a0Ministerio de Salud acat\u00f3\u00a0la orden del juez federal de Catamarca, Guillermo D\u00edaz Mart\u00ednez, de restablecer las 119.033 pensiones no contributivas por discapacidad laboral que el Gobierno hab\u00eda suspendido.<\/p>\n<\/div>\n<\/div>\n","protected":false},"excerpt":{"rendered":"<p>El Gobierno anunci\u00f3 una actualizaci\u00f3n de entre el 29% y el 35% en los valores del nomenclador que determina los montos abonados a los prestadores de servicios destinados a la atenci\u00f3n de personas con discapacidad, en medio de fuertes reclamos de familiares que denunciaron una ca\u00edda de los fondos destinados al sector. Tras la victoria [&hellip;]<\/p>\n","protected":false},"author":3,"featured_media":110345,"comment_status":"open","ping_status":"open","sticky":false,"template":"","format":"standard","meta":{"footnotes":""},"categories":[7],"tags":[],"class_list":{"0":"post-117066","1":"post","2":"type-post","3":"status-publish","4":"format-standard","5":"has-post-thumbnail","7":"category-nac"},"_links":{"self":[{"href":"https:\/\/primicias2262.com\/noticias\/wp-json\/wp\/v2\/posts\/117066","targetHints":{"allow":["GET"]}}],"collection":[{"href":"https:\/\/primicias2262.com\/noticias\/wp-json\/wp\/v2\/posts"}],"about":[{"href":"https:\/\/primicias2262.com\/noticias\/wp-json\/wp\/v2\/types\/post"}],"author":[{"embeddable":true,"href":"https:\/\/primicias2262.com\/noticias\/wp-json\/wp\/v2\/users\/3"}],"replies":[{"embeddable":true,"href":"https:\/\/primicias2262.com\/noticias\/wp-json\/wp\/v2\/comments?post=117066"}],"version-history":[{"count":1,"href":"https:\/\/primicias2262.com\/noticias\/wp-json\/wp\/v2\/posts\/117066\/revisions"}],"predecessor-version":[{"id":117067,"href":"https:\/\/primicias2262.com\/noticias\/wp-json\/wp\/v2\/posts\/117066\/revisions\/117067"}],"wp:featuredmedia":[{"embeddable":true,"href":"https:\/\/primicias2262.com\/noticias\/wp-json\/wp\/v2\/media\/110345"}],"wp:attachment":[{"href":"https:\/\/primicias2262.com\/noticias\/wp-json\/wp\/v2\/media?parent=117066"}],"wp:term":[{"taxonomy":"category","embeddable":true,"href":"https:\/\/primicias2262.com\/noticias\/wp-json\/wp\/v2\/categories?post=117066"},{"taxonomy":"post_tag","embeddable":true,"href":"https:\/\/primicias2262.com\/noticias\/wp-json\/wp\/v2\/tags?post=117066"}],"curies":[{"name":"wp","href":"https:\/\/api.w.org\/{rel}","templated":true}]}}