{"id":117068,"date":"2025-10-29T22:03:03","date_gmt":"2025-10-29T22:03:03","guid":{"rendered":"https:\/\/primicias2262.com\/noticias\/?p=117068"},"modified":"2025-10-29T22:03:03","modified_gmt":"2025-10-29T22:03:03","slug":"el-bcra-preve-comprar-reservas-en-los-proximos-meses-para-remonetizar-la-economia","status":"publish","type":"post","link":"https:\/\/primicias2262.com\/noticias\/el-bcra-preve-comprar-reservas-en-los-proximos-meses-para-remonetizar-la-economia\/","title":{"rendered":"El BCRA prev\u00e9 comprar reservas en los pr\u00f3ximos meses para remonetizar la econom\u00eda"},"content":{"rendered":"<p><strong>El Banco Central de la Rep\u00fablica Argentina (BCRA) prev\u00e9 que, en los pr\u00f3ximos meses, comprar\u00e1 y acumular\u00e1 reservas que servir\u00e1n para remonetizar la econom\u00eda, en lo que significa un mensaje para los mercados.<\/strong><\/p>\n<p><strong>El plan del BCRA se conoce reci\u00e9n hoy<\/strong>, luego de que la entidad difundiera una presentaci\u00f3n que realiz\u00f3 su vicepresidente,\u00a0<strong>Vladimir Werning<\/strong>, ante\u00a0<strong>inversores<\/strong>\u00a0semanas atr\u00e1s.\u00a0<strong>Por ahora, esa versi\u00f3n est\u00e1 disponible solamente en ingl\u00e9s<\/strong>. La definici\u00f3n sobre las reservas, adem\u00e1s,\u00a0<strong>busca traer calma hacia los mercados.<\/strong><\/p>\n<p>En la misma, la entidad monetaria detalla que\u00a0luego de las elecciones de medio t\u00e9rmino\u00a0se abre una oportunidad para la recuperaci\u00f3n de la demanda de dinero,\u00a0<strong>que ser\u00eda compatible con la inyecci\u00f3n de pesos mediante una compra de d\u00f3lares<\/strong>. Hasta ahora,\u00a0<strong>esa posibilidad no estaba disponible a menos que la moneda estadounidense hubiera perforado alguna vez el piso de la banda cambiaria<\/strong>\u00a0definida en el acuerdo con el\u00a0<strong>Fondo Monetario Internacional (FMI).<\/strong><\/p>\n<p><strong>Seg\u00fan el BCRA, la demanda de pesos se encontraba retra\u00edda producto de una tendencia hacia una dolarizaci\u00f3n<\/strong>. No solo eso, sino que esa demandas fue provocada, adem\u00e1s, por la\u00a0<strong>pol\u00edtica monetaria del Gobierno<\/strong>\u00a0y la\u00a0<strong>fuerte suba en las tasas de inter\u00e9s<\/strong>.<\/p>\n<p>Werning indica, en su presentaci\u00f3n, que las\u00a0<strong>principales fuentes<\/strong>\u00a0para inyectar pesos dentro de la econom\u00eda\u00a0<strong>\u201cno se encuentran disponibles\u201d<\/strong>:\u00a0<strong>el d\u00e9ficit fiscal y el desarme de la deuda.<\/strong>\u00a0Y menciona que la remonetizaci\u00f3n provendr\u00eda de la compra de divisas a partir del\u00a0<strong>\u201cdinero externo\u201d<\/strong>\u00a0generado por el super\u00e1vit.<\/p>\n<p><strong>\u201cAl establecer el ritmo de compras de reservas para financiar un aumento proyectado en la cantidad de pesos demandados, la pol\u00edtica monetaria puede contribuir a impulsar la liquidez externa, lo que, al estabilizar las expectativas cambiarias, indirectamente ayuda a preservar la estabilidad interna\u201d<\/strong>, explica el documento del Central\u201d.<\/p>\n","protected":false},"excerpt":{"rendered":"<p>El Banco Central de la Rep\u00fablica Argentina (BCRA) prev\u00e9 que, en los pr\u00f3ximos meses, comprar\u00e1 y acumular\u00e1 reservas que servir\u00e1n para remonetizar la econom\u00eda, en lo que significa un mensaje para los mercados. El plan del BCRA se conoce reci\u00e9n hoy, luego de que la entidad difundiera una presentaci\u00f3n que realiz\u00f3 su vicepresidente,\u00a0Vladimir Werning, ante\u00a0inversores\u00a0semanas [&hellip;]<\/p>\n","protected":false},"author":3,"featured_media":117069,"comment_status":"open","ping_status":"open","sticky":false,"template":"","format":"standard","meta":{"footnotes":""},"categories":[7],"tags":[],"class_list":{"0":"post-117068","1":"post","2":"type-post","3":"status-publish","4":"format-standard","5":"has-post-thumbnail","7":"category-nac"},"_links":{"self":[{"href":"https:\/\/primicias2262.com\/noticias\/wp-json\/wp\/v2\/posts\/117068","targetHints":{"allow":["GET"]}}],"collection":[{"href":"https:\/\/primicias2262.com\/noticias\/wp-json\/wp\/v2\/posts"}],"about":[{"href":"https:\/\/primicias2262.com\/noticias\/wp-json\/wp\/v2\/types\/post"}],"author":[{"embeddable":true,"href":"https:\/\/primicias2262.com\/noticias\/wp-json\/wp\/v2\/users\/3"}],"replies":[{"embeddable":true,"href":"https:\/\/primicias2262.com\/noticias\/wp-json\/wp\/v2\/comments?post=117068"}],"version-history":[{"count":1,"href":"https:\/\/primicias2262.com\/noticias\/wp-json\/wp\/v2\/posts\/117068\/revisions"}],"predecessor-version":[{"id":117070,"href":"https:\/\/primicias2262.com\/noticias\/wp-json\/wp\/v2\/posts\/117068\/revisions\/117070"}],"wp:featuredmedia":[{"embeddable":true,"href":"https:\/\/primicias2262.com\/noticias\/wp-json\/wp\/v2\/media\/117069"}],"wp:attachment":[{"href":"https:\/\/primicias2262.com\/noticias\/wp-json\/wp\/v2\/media?parent=117068"}],"wp:term":[{"taxonomy":"category","embeddable":true,"href":"https:\/\/primicias2262.com\/noticias\/wp-json\/wp\/v2\/categories?post=117068"},{"taxonomy":"post_tag","embeddable":true,"href":"https:\/\/primicias2262.com\/noticias\/wp-json\/wp\/v2\/tags?post=117068"}],"curies":[{"name":"wp","href":"https:\/\/api.w.org\/{rel}","templated":true}]}}