{"id":117071,"date":"2025-10-29T22:06:13","date_gmt":"2025-10-29T22:06:13","guid":{"rendered":"https:\/\/primicias2262.com\/noticias\/?p=117071"},"modified":"2025-10-29T22:06:13","modified_gmt":"2025-10-29T22:06:13","slug":"el-embajador-argentino-en-brasil-confirmo-que-en-rio-de-janeiro-no-hay-ningun-argentino-afectado","status":"publish","type":"post","link":"https:\/\/primicias2262.com\/noticias\/el-embajador-argentino-en-brasil-confirmo-que-en-rio-de-janeiro-no-hay-ningun-argentino-afectado\/","title":{"rendered":"El embajador argentino en Brasil confirm\u00f3 que en R\u00edo de Janeiro no hay ning\u00fan argentino afectado\u00bb"},"content":{"rendered":"<p>El embajador argentino en Brasil, Guillermo Raimondi, confirm\u00f3 que en R\u00edo de Janeiro\u00a0<i>\u201cno hay ning\u00fan argentino afectado<\/i>\u00bb e inform\u00f3 que, por el momento s\u00f3lo se \u201c<i>interrumpi\u00f3 el tr\u00e1nsito\u201d\u00a0<\/i>y los comercios de cercan\u00eda \u201c<i>cerraron temprano sus puertas\u201d.<\/i><\/p>\n<p>En declaraciones a Radio Rivadavia, manifest\u00f3 que, \u201c<i>en un contexto general\u201d<\/i>, la ciudad carioca \u201c<i>es peligrosa<\/i>\u201d y que el presidente brasile\u00f1o In\u00e1cio \u2018<i>Lula\u2019<\/i>\u00a0Da Silva, est\u00e1 llevando a cabo reuniones con sus ministros para trabajar en conjunto antes esta situaci\u00f3n de guerra contra el narcotr\u00e1fico.<\/p>\n<p><i>\u201cLo \u00fanico que hubo fueron cuestiones log\u00edsticas de tr\u00e1nsito, interrupci\u00f3n de transporte p\u00fablico, comercios que cerraron temprano sus puertas. Hay reuniones del Presidente (Da Silva) con sus ministros para analizar la situaci\u00f3n y ver los pasos a seguir<\/i>\u201d, expres\u00f3 el embajador argentino.<\/p>\n<p>Por otra parte, confirm\u00f3 que\u00a0<i>\u201cLula ya est\u00e1 de regreso en el pa\u00eds<\/i>\u00ab, luego de haber realizado una gira por el sudeste asi\u00e1tico, y mantuvo un encuentro en Brasilia con varios funcionarios de su gabinete para evaluar la situaci\u00f3n.<\/p>\n<p><i>\u00abEl consulado emite peri\u00f3dicamente informaciones sobre las cuestiones a las que conviene que los turistas est\u00e9n atentos, y sugiero que se est\u00e9 pendiente de si hay novedades. Hoy la situaci\u00f3n es de tranquilidad y orden\u00bb,<\/i>\u00a0concluy\u00f3 Raimondi<\/p>\n","protected":false},"excerpt":{"rendered":"<p>El embajador argentino en Brasil, Guillermo Raimondi, confirm\u00f3 que en R\u00edo de Janeiro\u00a0\u201cno hay ning\u00fan argentino afectado\u00bb e inform\u00f3 que, por el momento s\u00f3lo se \u201cinterrumpi\u00f3 el tr\u00e1nsito\u201d\u00a0y los comercios de cercan\u00eda \u201ccerraron temprano sus puertas\u201d. En declaraciones a Radio Rivadavia, manifest\u00f3 que, \u201cen un contexto general\u201d, la ciudad carioca \u201ces peligrosa\u201d y que el [&hellip;]<\/p>\n","protected":false},"author":3,"featured_media":117072,"comment_status":"open","ping_status":"open","sticky":false,"template":"","format":"standard","meta":{"footnotes":""},"categories":[7],"tags":[],"class_list":{"0":"post-117071","1":"post","2":"type-post","3":"status-publish","4":"format-standard","5":"has-post-thumbnail","7":"category-nac"},"_links":{"self":[{"href":"https:\/\/primicias2262.com\/noticias\/wp-json\/wp\/v2\/posts\/117071","targetHints":{"allow":["GET"]}}],"collection":[{"href":"https:\/\/primicias2262.com\/noticias\/wp-json\/wp\/v2\/posts"}],"about":[{"href":"https:\/\/primicias2262.com\/noticias\/wp-json\/wp\/v2\/types\/post"}],"author":[{"embeddable":true,"href":"https:\/\/primicias2262.com\/noticias\/wp-json\/wp\/v2\/users\/3"}],"replies":[{"embeddable":true,"href":"https:\/\/primicias2262.com\/noticias\/wp-json\/wp\/v2\/comments?post=117071"}],"version-history":[{"count":1,"href":"https:\/\/primicias2262.com\/noticias\/wp-json\/wp\/v2\/posts\/117071\/revisions"}],"predecessor-version":[{"id":117073,"href":"https:\/\/primicias2262.com\/noticias\/wp-json\/wp\/v2\/posts\/117071\/revisions\/117073"}],"wp:featuredmedia":[{"embeddable":true,"href":"https:\/\/primicias2262.com\/noticias\/wp-json\/wp\/v2\/media\/117072"}],"wp:attachment":[{"href":"https:\/\/primicias2262.com\/noticias\/wp-json\/wp\/v2\/media?parent=117071"}],"wp:term":[{"taxonomy":"category","embeddable":true,"href":"https:\/\/primicias2262.com\/noticias\/wp-json\/wp\/v2\/categories?post=117071"},{"taxonomy":"post_tag","embeddable":true,"href":"https:\/\/primicias2262.com\/noticias\/wp-json\/wp\/v2\/tags?post=117071"}],"curies":[{"name":"wp","href":"https:\/\/api.w.org\/{rel}","templated":true}]}}