{"id":117074,"date":"2025-10-29T22:08:44","date_gmt":"2025-10-29T22:08:44","guid":{"rendered":"https:\/\/primicias2262.com\/noticias\/?p=117074"},"modified":"2025-10-29T22:08:44","modified_gmt":"2025-10-29T22:08:44","slug":"ate-pidio-a-los-gobernadores-que-se-reuniran-con-milei-que-no-sean-complices-del-ajuste","status":"publish","type":"post","link":"https:\/\/primicias2262.com\/noticias\/ate-pidio-a-los-gobernadores-que-se-reuniran-con-milei-que-no-sean-complices-del-ajuste\/","title":{"rendered":"ATE pidi\u00f3 a los gobernadores que se reunir\u00e1n con Milei que \u00abno sean c\u00f3mplices del ajuste\u00bb"},"content":{"rendered":"<div class=\"article-body\" data-tadevel-template=\"web\/article-body\">\n<div class=\"article-body-content\">\n<p>En la previa a la reuni\u00f3n que el presidente Javier Milei mantendr\u00e1 ma\u00f1ana con la mayor\u00eda de los gobernadores para analizar los proyectos de reforma impositiva y laboral, el secretario general del sindicato ATE, Rodolfo Aguiar, reclam\u00f3 a los mandatarios provinciales que \u00abno sean c\u00f3mplices del ajuste nacional\u00bb.<\/p>\n<p>\u00abEl ajuste ahora se va a profundizar en los distritos provinciales y municipales. Cumplir el Pacto de Mayo significa un dr\u00e1stico ajuste sobre el gasto p\u00fablico en las provincias. Eso no s\u00f3lo se traducir\u00e1 en recortes salariales y despidos, sino en la destrucci\u00f3n de las ya deterioradas econom\u00edas regionales\u00bb, explic\u00f3 el dirigente estatal.<\/p>\n<p>Aguiar advirti\u00f3 que el presidente Javier Milei \u00abse quiere quedar con las provincias\u00bb, ya que \u00abgobierna desde Buenos Aires pero sabe que las riquezas est\u00e1n en el resto de los distritos\u00bb.<\/p>\n<p>\u00abEsta vez no le vamos a creer a los gobernadores si nos dicen que es en pos de la gobernabilidad. M\u00e1s all\u00e1 del resultado electoral, no est\u00e1n garantizando gobernabilidad, sino impunidad a quienes habitan la Casa Rosada\u00bb, continu\u00f3 el gremialista en un comunicado.<\/p>\n<p>Aguiar consider\u00f3 que el Presidente \u00abtiene legitimidad para gobernar en favor del pueblo pero no para quitarle derechos a los ciudadanos argentinos\u00bb.<\/p>\n<p>\u00abAhora van por las provincias, en el Estado nacional no queda nada por recortar. El Pacto de Mayo se va a traducir en recortes salariales y despidos\u00bb, cerr\u00f3.<\/p>\n<\/div>\n<\/div>\n","protected":false},"excerpt":{"rendered":"<p>En la previa a la reuni\u00f3n que el presidente Javier Milei mantendr\u00e1 ma\u00f1ana con la mayor\u00eda de los gobernadores para analizar los proyectos de reforma impositiva y laboral, el secretario general del sindicato ATE, Rodolfo Aguiar, reclam\u00f3 a los mandatarios provinciales que \u00abno sean c\u00f3mplices del ajuste nacional\u00bb. \u00abEl ajuste ahora se va a profundizar [&hellip;]<\/p>\n","protected":false},"author":3,"featured_media":117075,"comment_status":"open","ping_status":"open","sticky":false,"template":"","format":"standard","meta":{"footnotes":""},"categories":[7],"tags":[],"class_list":{"0":"post-117074","1":"post","2":"type-post","3":"status-publish","4":"format-standard","5":"has-post-thumbnail","7":"category-nac"},"_links":{"self":[{"href":"https:\/\/primicias2262.com\/noticias\/wp-json\/wp\/v2\/posts\/117074","targetHints":{"allow":["GET"]}}],"collection":[{"href":"https:\/\/primicias2262.com\/noticias\/wp-json\/wp\/v2\/posts"}],"about":[{"href":"https:\/\/primicias2262.com\/noticias\/wp-json\/wp\/v2\/types\/post"}],"author":[{"embeddable":true,"href":"https:\/\/primicias2262.com\/noticias\/wp-json\/wp\/v2\/users\/3"}],"replies":[{"embeddable":true,"href":"https:\/\/primicias2262.com\/noticias\/wp-json\/wp\/v2\/comments?post=117074"}],"version-history":[{"count":1,"href":"https:\/\/primicias2262.com\/noticias\/wp-json\/wp\/v2\/posts\/117074\/revisions"}],"predecessor-version":[{"id":117076,"href":"https:\/\/primicias2262.com\/noticias\/wp-json\/wp\/v2\/posts\/117074\/revisions\/117076"}],"wp:featuredmedia":[{"embeddable":true,"href":"https:\/\/primicias2262.com\/noticias\/wp-json\/wp\/v2\/media\/117075"}],"wp:attachment":[{"href":"https:\/\/primicias2262.com\/noticias\/wp-json\/wp\/v2\/media?parent=117074"}],"wp:term":[{"taxonomy":"category","embeddable":true,"href":"https:\/\/primicias2262.com\/noticias\/wp-json\/wp\/v2\/categories?post=117074"},{"taxonomy":"post_tag","embeddable":true,"href":"https:\/\/primicias2262.com\/noticias\/wp-json\/wp\/v2\/tags?post=117074"}],"curies":[{"name":"wp","href":"https:\/\/api.w.org\/{rel}","templated":true}]}}