{"id":117096,"date":"2025-10-30T20:14:28","date_gmt":"2025-10-30T20:14:28","guid":{"rendered":"https:\/\/primicias2262.com\/noticias\/?p=117096"},"modified":"2025-10-30T20:14:28","modified_gmt":"2025-10-30T20:14:28","slug":"vidal-pide-que-el-pro-sea-una-alternativa-a-la-libertad-avanza-para-2027","status":"publish","type":"post","link":"https:\/\/primicias2262.com\/noticias\/vidal-pide-que-el-pro-sea-una-alternativa-a-la-libertad-avanza-para-2027\/","title":{"rendered":"Vidal pide que el PRO sea \u201cuna alternativa\u201d a La Libertad Avanza para 2027"},"content":{"rendered":"<div class=\"article-body\" data-tadevel-template=\"web\/article-body\">\n<div class=\"article-body-content\">\n<p>La diputada nacional\u00a0<strong>Mar\u00eda Eugenia Vidal (PRO)\u00a0<\/strong>afirm\u00f3 hoy que su partido \u201c<strong>tiene que ser una alternativa, fuerte e independiente\u201d\u00a0<\/strong>de cara al 2027, y asegur\u00f3 que \u201cla fortaleza y la estabilidad de un pa\u00eds la da qu\u00e9 tipo de oposici\u00f3n tiene\u201d.<\/p>\n<p>\u201cNecesitamos saber que La Libertad Avanza tiene alternativa, que no es el \u00fanico camino, y que\u00a0<strong>esa alternativa es racional, seria y profesiona<\/strong>l, y que no va a poner en juego todo el esfuerzo que millones de argentinos hicieron. Y creo que\u00a0<strong>esa es tarea del PRO<\/strong>\u201d, manifest\u00f3.<\/p>\n<p>A trav\u00e9s de un video subido a sus redes sociales, la ex gobernadora bonaerense se\u00f1al\u00f3 que desde que asumi\u00f3 el Gobierno de Javier Milei \u201c<strong>el PRO fue garante del cambio<\/strong>\u201d y en el Congreso \u201c<strong>desde la Ley Bases en adelante acompa\u00f1\u00f3 sin especular\u00a0<\/strong>cada una de las reformas que estaban bien para la Argentina\u201d.<\/p>\n<p>\u201cDespu\u00e9s de tantos a\u00f1os de fracaso en la Argentina no importa solo hacer las cosas bien, importa que\u00a0<strong>cuando el que Gobierna no siga gobernando, el que venga tambi\u00e9n haga lo correcto<\/strong>, y hoy todav\u00eda eso no lo logramos en la Argentina\u201d, asever\u00f3.<\/p>\n<p>Vidal fundament\u00f3 su afirmaci\u00f3n al resaltar que \u201c<strong>a\u00fan con la diferencia que el Presidente sac\u00f3 en esta elecci\u00f3n, la segunda fuerza del pa\u00eds sigue siendo el kirchnerismo\u201d<\/strong>, y eso implica que \u201clos de adentro y los de afuera no hagan inversiones\u201d.<\/p>\n<p>\u201cComo bien dijo el ministro de Econom\u00eda,\u00a0<strong>mientras el kirchnerismo sea la alternativa va a ser muy dif\u00edcil que muchos de adentro y de afuera decidan invertir<\/strong>, por m\u00e1s cambios que hagamos, necesitamos saber que LLA tiene alternativa, que no es el \u00fanico camino y que esa alternativa es racional, seria, profesional\u201d.<\/p>\n<p>Vidal anticip\u00f3 que esa postura sobre convertir al PRO en la alternativa a LLA ser\u00e1 motivo de \u201c<strong>debate en el partido en las pr\u00f3ximas semanas\u201d<\/strong>.<\/p>\n<p>Recalc\u00f3 que \u201cdespu\u00e9s de tantos a\u00f1os de fracaso en la Argentina, no importa solo hacer las cosas bien, importa que cuando el que gobierna no siga, el que venga tambi\u00e9n haga lo correcto. Hoy todav\u00eda eso no lo logramos en la Argentina. Y esa es la tarea del PRO\u201d, destac\u00f3.<\/p>\n<p>\u201cMuchos dir\u00e1n que con estos resultados, con terceras fuerzas que casi no existen, eso no se puede hacer. T<strong>ambi\u00e9n nos dijeron que no se pod\u00eda hacer la Boleta \u00danica de Papel y miren este domingo c\u00f3mo votamos\u201d<\/strong>, subray\u00f3.<\/p>\n<p>Vidal dijo que las elecciones del domingo le provocaron\u00a0<strong>\u201calivio de saber que el lunes no iba a volar todo por el aire\u201d<\/strong>, pero tambi\u00e9n\u00a0<strong>\u201ctristeza por no ver una boleta amarilla del PRO en la mayor parte del pa\u00eds<\/strong>\u201d, y record\u00f3 que \u201ces la cuarta vez en los \u00faltimos 10 a\u00f1os que el peronismo pierde una elecci\u00f3n en la provincia de Buenos Aires y\u00a0<strong>siempre fue contra l\u00edderes del PRO\u201d.<\/strong><\/p>\n<p>Finalmente dijo esperar \u201cque\u00a0<strong>el Presidente se abra al di\u00e1logo<\/strong>\u201d, que \u201cconfirme un rumbo de cambio y haga las reformas pendientes\u201d, y que\u00a0<strong>\u201cconvoque a los mejores a su Gobierno, no importa de qu\u00e9 partido sean\u201d.<\/strong><\/p>\n<\/div>\n<\/div>\n","protected":false},"excerpt":{"rendered":"<p>La diputada nacional\u00a0Mar\u00eda Eugenia Vidal (PRO)\u00a0afirm\u00f3 hoy que su partido \u201ctiene que ser una alternativa, fuerte e independiente\u201d\u00a0de cara al 2027, y asegur\u00f3 que \u201cla fortaleza y la estabilidad de un pa\u00eds la da qu\u00e9 tipo de oposici\u00f3n tiene\u201d. \u201cNecesitamos saber que La Libertad Avanza tiene alternativa, que no es el \u00fanico camino, y que\u00a0esa [&hellip;]<\/p>\n","protected":false},"author":3,"featured_media":117097,"comment_status":"open","ping_status":"open","sticky":false,"template":"","format":"standard","meta":{"footnotes":""},"categories":[7],"tags":[],"class_list":{"0":"post-117096","1":"post","2":"type-post","3":"status-publish","4":"format-standard","5":"has-post-thumbnail","7":"category-nac"},"_links":{"self":[{"href":"https:\/\/primicias2262.com\/noticias\/wp-json\/wp\/v2\/posts\/117096","targetHints":{"allow":["GET"]}}],"collection":[{"href":"https:\/\/primicias2262.com\/noticias\/wp-json\/wp\/v2\/posts"}],"about":[{"href":"https:\/\/primicias2262.com\/noticias\/wp-json\/wp\/v2\/types\/post"}],"author":[{"embeddable":true,"href":"https:\/\/primicias2262.com\/noticias\/wp-json\/wp\/v2\/users\/3"}],"replies":[{"embeddable":true,"href":"https:\/\/primicias2262.com\/noticias\/wp-json\/wp\/v2\/comments?post=117096"}],"version-history":[{"count":1,"href":"https:\/\/primicias2262.com\/noticias\/wp-json\/wp\/v2\/posts\/117096\/revisions"}],"predecessor-version":[{"id":117098,"href":"https:\/\/primicias2262.com\/noticias\/wp-json\/wp\/v2\/posts\/117096\/revisions\/117098"}],"wp:featuredmedia":[{"embeddable":true,"href":"https:\/\/primicias2262.com\/noticias\/wp-json\/wp\/v2\/media\/117097"}],"wp:attachment":[{"href":"https:\/\/primicias2262.com\/noticias\/wp-json\/wp\/v2\/media?parent=117096"}],"wp:term":[{"taxonomy":"category","embeddable":true,"href":"https:\/\/primicias2262.com\/noticias\/wp-json\/wp\/v2\/categories?post=117096"},{"taxonomy":"post_tag","embeddable":true,"href":"https:\/\/primicias2262.com\/noticias\/wp-json\/wp\/v2\/tags?post=117096"}],"curies":[{"name":"wp","href":"https:\/\/api.w.org\/{rel}","templated":true}]}}