{"id":117099,"date":"2025-10-30T20:18:21","date_gmt":"2025-10-30T20:18:21","guid":{"rendered":"https:\/\/primicias2262.com\/noticias\/?p=117099"},"modified":"2025-10-30T20:18:21","modified_gmt":"2025-10-30T20:18:21","slug":"el-banco-mundial-preve-baja-en-los-commodities-y-enciende-alarma-por-impacto-de-la-nina-en-argentina","status":"publish","type":"post","link":"https:\/\/primicias2262.com\/noticias\/el-banco-mundial-preve-baja-en-los-commodities-y-enciende-alarma-por-impacto-de-la-nina-en-argentina\/","title":{"rendered":"El Banco Mundial prev\u00e9 baja en los commodities y enciende alarma por impacto de La Ni\u00f1a en Argentina"},"content":{"rendered":"<p>El Banco Mundial\u00a0<strong>estim\u00f3 que los precios de las materias primas caer\u00e1n un 7% tanto en 2025 como en 2026<\/strong>, acumulando cuatro a\u00f1os consecutivos de declive y alcanzando en el pr\u00f3ximo calendario el nivel m\u00e1s bajo de los \u00faltimos seis a\u00f1os. Adem\u00e1s advirti\u00f3 por un posible impacto de La Ni\u00f1a en la producci\u00f3n agr\u00edcola de Argentina.<\/p>\n<p>El informe \u201cPerspectivas de los mercados de materias primas\u201d explic\u00f3 que la baja en los precios est\u00e1 vinculada al\u00a0<i>\u201cd\u00e9bil crecimiento econ\u00f3mico mundial, el creciente super\u00e1vit en la oferta de petr\u00f3leo y la persistente incertidumbre en las pol\u00edticas\u201d.<\/i><\/p>\n<p>Al mismo tiempo, plante\u00f3 la posibilidad de que condiciones clim\u00e1ticas fuera de lo previsto puedan generar otro impacto en los precios de los commodities, al afectarse la producci\u00f3n de regiones agr\u00edcolas como Argentina y Brasil.<\/p>\n<p>Al respecto, puntualiz\u00f3 qu<i>e \u201cun fen\u00f3meno de La Ni\u00f1a m\u00e1s intenso de lo previsto podr\u00eda traer consigo un clima m\u00e1s c\u00e1lido y seco de lo normal a importantes regiones agr\u00edcolas, como Argentina, el sur de Brasil y la costa del Golfo de EE. UU.\u201d<\/i>, indicando que<i><strong>\u00a0\u201cesto podr\u00eda afectar la producci\u00f3n de alimentos b\u00e1sicos como el ma\u00edz, el trigo y la soja, e impulsar los precios por encima de las previsiones\u201d.<\/strong><\/i><\/p>\n<p>En este sentido, agreg\u00f3 que<i>\u00a0\u201clas condiciones meteorol\u00f3gicas indican la probable ocurrencia de un evento de La Ni\u00f1a a finales de 2025 o principios de 2026\u201d,<\/i>\u00a0explicando que<i>\u00a0\u201csi La Ni\u00f1a resulta ser m\u00e1s intensa y prolongada de lo previsto en el escenario base, podr\u00eda provocar un clima m\u00e1s c\u00e1lido y seco de lo normal en regiones clave para la producci\u00f3n agr\u00edcola\u201d.<\/i><\/p>\n<p>El reporte del Banco Mundial remarc\u00f3 que \u201c<i>pese a las recientes reducciones, los precios de los productos b\u00e1sicos se mantienen por encima de los niveles anteriores a la pandemia: se prev\u00e9 que\u00a0<strong>en\u202f2025 y\u202f2026 ser\u00e1n un 23% y un 14% m\u00e1s altos, respectivamente, que en\u202f2019\u201d.<\/strong><\/i><\/p>\n<p>En este marco, hizo \u00e9nfasis en que los precios de los alimentos a nivel global est\u00e1n declinando, y\u00a0<strong>se prev\u00e9 que disminuyan un 6,1\u202f% en 2025 y un 0,3\u202f% en\u202f2026<\/strong>. En esta l\u00ednea, detall\u00f3 que<i>\u00a0\u201cen los mercados de productos alimenticios b\u00e1sicos, los precios disminuyeron por tercer trimestre consecutivo en el tercer trimestre de 2025 (intertrimestral),\u00a0<strong>debido a la marcada ca\u00edda de los precios de los cereales, en particular el arroz, el trigo y el ma\u00edz, en un contexto de amplia oferta mundial\u201d.<\/strong><\/i><\/p>\n<p>Asimismo, el informe revel\u00f3 que\u00a0<i><strong>\u201clos precios de la soja caen en\u202f2025 debido a la producci\u00f3n r\u00e9cord y a las tensiones comerciales, pero se espera que se estabilicen en los pr\u00f3ximos dos a\u00f1os\u201d.<\/strong><\/i>\u00a0Sobre este aspecto, recientemente Estados Unidos y China acordaron retomar las exportaciones desde el pa\u00eds norteamericano, lo que produjo que la soja ronde los US$400 millones en el mercado de Chicago.<\/p>\n<p>Al se\u00f1alar el efecto de las restricciones comerciales, expuso que en ese periodo\u00a0<i>\u201chan aumentado significativamente las oportunidades de exportaci\u00f3n para los productores de Argentina y Brasil, lo que ha contribuido a una brecha sustancial entre los precios de referencia de la soja en Estados Unidos y Brasil\u201d.<\/i><\/p>\n","protected":false},"excerpt":{"rendered":"<p>El Banco Mundial\u00a0estim\u00f3 que los precios de las materias primas caer\u00e1n un 7% tanto en 2025 como en 2026, acumulando cuatro a\u00f1os consecutivos de declive y alcanzando en el pr\u00f3ximo calendario el nivel m\u00e1s bajo de los \u00faltimos seis a\u00f1os. Adem\u00e1s advirti\u00f3 por un posible impacto de La Ni\u00f1a en la producci\u00f3n agr\u00edcola de Argentina. [&hellip;]<\/p>\n","protected":false},"author":3,"featured_media":104930,"comment_status":"open","ping_status":"open","sticky":false,"template":"","format":"standard","meta":{"footnotes":""},"categories":[7],"tags":[],"class_list":{"0":"post-117099","1":"post","2":"type-post","3":"status-publish","4":"format-standard","5":"has-post-thumbnail","7":"category-nac"},"_links":{"self":[{"href":"https:\/\/primicias2262.com\/noticias\/wp-json\/wp\/v2\/posts\/117099","targetHints":{"allow":["GET"]}}],"collection":[{"href":"https:\/\/primicias2262.com\/noticias\/wp-json\/wp\/v2\/posts"}],"about":[{"href":"https:\/\/primicias2262.com\/noticias\/wp-json\/wp\/v2\/types\/post"}],"author":[{"embeddable":true,"href":"https:\/\/primicias2262.com\/noticias\/wp-json\/wp\/v2\/users\/3"}],"replies":[{"embeddable":true,"href":"https:\/\/primicias2262.com\/noticias\/wp-json\/wp\/v2\/comments?post=117099"}],"version-history":[{"count":1,"href":"https:\/\/primicias2262.com\/noticias\/wp-json\/wp\/v2\/posts\/117099\/revisions"}],"predecessor-version":[{"id":117100,"href":"https:\/\/primicias2262.com\/noticias\/wp-json\/wp\/v2\/posts\/117099\/revisions\/117100"}],"wp:featuredmedia":[{"embeddable":true,"href":"https:\/\/primicias2262.com\/noticias\/wp-json\/wp\/v2\/media\/104930"}],"wp:attachment":[{"href":"https:\/\/primicias2262.com\/noticias\/wp-json\/wp\/v2\/media?parent=117099"}],"wp:term":[{"taxonomy":"category","embeddable":true,"href":"https:\/\/primicias2262.com\/noticias\/wp-json\/wp\/v2\/categories?post=117099"},{"taxonomy":"post_tag","embeddable":true,"href":"https:\/\/primicias2262.com\/noticias\/wp-json\/wp\/v2\/tags?post=117099"}],"curies":[{"name":"wp","href":"https:\/\/api.w.org\/{rel}","templated":true}]}}