{"id":117116,"date":"2025-11-01T00:48:35","date_gmt":"2025-11-01T00:48:35","guid":{"rendered":"https:\/\/primicias2262.com\/noticias\/?p=117116"},"modified":"2025-11-01T00:48:35","modified_gmt":"2025-11-01T00:48:35","slug":"renuncio-guillermo-francos","status":"publish","type":"post","link":"https:\/\/primicias2262.com\/noticias\/renuncio-guillermo-francos\/","title":{"rendered":"Renunci\u00f3 Guillermo Francos"},"content":{"rendered":"<p>Tal como\u00a0<strong>adelant\u00f3 Noticias Argentinas<\/strong>, el jefe de Gabinete,\u00a0<strong>Guillermo Francos, present\u00f3 este viernes su renuncia<\/strong>\u00a0indeclinable al cargo.<\/p>\n<p>El propio Francos lo confirm\u00f3 a trav\u00e9s de una carta p\u00fablica dirigida al presidente Javier Milei, en la que atribuy\u00f3 su decisi\u00f3n a los\u00a0<strong>\u00abpersistentes trascendidos sobre modificaciones en el Gabinete Nacional\u00bb<\/strong>.<\/p>\n<p>La dimisi\u00f3n de Francos, que se produce tras las elecciones legislativas del 26 de octubre, era un hecho inminente seg\u00fan hab\u00edan informado\u00a0<strong>fuentes cercanas al Gobierno a Noticias Argentinas<\/strong>.<\/p>\n<p>Esta agencia (NA) hab\u00eda adelantado que el vocero presidencial,\u00a0<strong>Manuel Adorni<\/strong>, ser\u00eda su reemplazante en la Jefatura de Gabinete, y que el asesor\u00a0<strong>Santiago Caputo<\/strong>\u00a0asumir\u00eda al frente de un \u00absuperministerio\u00bb de Interior.<\/p>\n<p>En su carta, Francos explic\u00f3 que su salida busca que Milei pueda \u00abafrontar\u00a0<strong>sin condicionamientos<\/strong>\u00a0la etapa de gobierno que se inicia\u00bb tras los comicios.<\/p>\n<p>\u00abLe agradezco profundamente la oportunidad de servir con lealtad y patriotismo a nuestro pa\u00eds y a su gobierno\u00bb, expres\u00f3 el funcionario saliente.<\/p>\n<p>Francos tambi\u00e9n destac\u00f3 lo que llam\u00f3 una \u00abextra\u00f1a coincidencia\u00bb en su gesti\u00f3n: \u00abmi primer acto como Ministro del Interior y mi \u00faltimo como Jefe de Gabinete fueron reunir a los Gobernadores de las Provincias con el Poder Ejecutivo Nacional con el objeto de encontrar mecanismos de di\u00e1logo y generaci\u00f3n de consensos\u00bb.<\/p>\n<p>\u00abHa sido para mi un honor ser parte de un proyecto transformador que tiene por objeto encaminar a nuestro pa\u00eds en una senda de libertad y progreso. Sepa que, como hasta hoy, siempre podr\u00e1 contar conmigo\u00bb, concluy\u00f3.<\/p>\n","protected":false},"excerpt":{"rendered":"<p>Tal como\u00a0adelant\u00f3 Noticias Argentinas, el jefe de Gabinete,\u00a0Guillermo Francos, present\u00f3 este viernes su renuncia\u00a0indeclinable al cargo. El propio Francos lo confirm\u00f3 a trav\u00e9s de una carta p\u00fablica dirigida al presidente Javier Milei, en la que atribuy\u00f3 su decisi\u00f3n a los\u00a0\u00abpersistentes trascendidos sobre modificaciones en el Gabinete Nacional\u00bb. La dimisi\u00f3n de Francos, que se produce tras [&hellip;]<\/p>\n","protected":false},"author":3,"featured_media":117117,"comment_status":"open","ping_status":"open","sticky":false,"template":"","format":"standard","meta":{"footnotes":""},"categories":[7],"tags":[],"class_list":{"0":"post-117116","1":"post","2":"type-post","3":"status-publish","4":"format-standard","5":"has-post-thumbnail","7":"category-nac"},"_links":{"self":[{"href":"https:\/\/primicias2262.com\/noticias\/wp-json\/wp\/v2\/posts\/117116","targetHints":{"allow":["GET"]}}],"collection":[{"href":"https:\/\/primicias2262.com\/noticias\/wp-json\/wp\/v2\/posts"}],"about":[{"href":"https:\/\/primicias2262.com\/noticias\/wp-json\/wp\/v2\/types\/post"}],"author":[{"embeddable":true,"href":"https:\/\/primicias2262.com\/noticias\/wp-json\/wp\/v2\/users\/3"}],"replies":[{"embeddable":true,"href":"https:\/\/primicias2262.com\/noticias\/wp-json\/wp\/v2\/comments?post=117116"}],"version-history":[{"count":1,"href":"https:\/\/primicias2262.com\/noticias\/wp-json\/wp\/v2\/posts\/117116\/revisions"}],"predecessor-version":[{"id":117118,"href":"https:\/\/primicias2262.com\/noticias\/wp-json\/wp\/v2\/posts\/117116\/revisions\/117118"}],"wp:featuredmedia":[{"embeddable":true,"href":"https:\/\/primicias2262.com\/noticias\/wp-json\/wp\/v2\/media\/117117"}],"wp:attachment":[{"href":"https:\/\/primicias2262.com\/noticias\/wp-json\/wp\/v2\/media?parent=117116"}],"wp:term":[{"taxonomy":"category","embeddable":true,"href":"https:\/\/primicias2262.com\/noticias\/wp-json\/wp\/v2\/categories?post=117116"},{"taxonomy":"post_tag","embeddable":true,"href":"https:\/\/primicias2262.com\/noticias\/wp-json\/wp\/v2\/tags?post=117116"}],"curies":[{"name":"wp","href":"https:\/\/api.w.org\/{rel}","templated":true}]}}