{"id":117119,"date":"2025-11-01T00:53:25","date_gmt":"2025-11-01T00:53:25","guid":{"rendered":"https:\/\/primicias2262.com\/noticias\/?p=117119"},"modified":"2025-11-01T00:53:25","modified_gmt":"2025-11-01T00:53:25","slug":"uno-por-uno-los-intendentes-que-respaldaron-a-axel-kicillof-tras-la-carta-de-cristina-kirchner","status":"publish","type":"post","link":"https:\/\/primicias2262.com\/noticias\/uno-por-uno-los-intendentes-que-respaldaron-a-axel-kicillof-tras-la-carta-de-cristina-kirchner\/","title":{"rendered":"Uno por uno: los intendentes que respaldaron a Axel Kicillof tras la carta de Cristina Kirchner"},"content":{"rendered":"<p>M\u00e1s de 40 intendentes bonaerenses del peronismo cerraron filas este viernes y\u00a0<strong>respaldaron al gobernador Axel Kicillof<\/strong>, en medio de la creciente tensi\u00f3n interna en el peronismo tras la carta de la ex presidenta Cristina Kirchner que criticaba el desdoblamiento electoral.<\/p>\n<div class=\"article-body\" data-tadevel-template=\"web\/article-body\">\n<div class=\"article-body-content\">\n<p>El encuentro, que dur\u00f3 m\u00e1s de tres horas, se llev\u00f3 a cabo en \u00abLa Casona\u00bb del Ministerio de Desarrollo Agrario, en el Parque Pereyra Iraola (Berazategui).<\/p>\n<p>Al finalizar la reuni\u00f3n, el intendente de La Plata,\u00a0<strong>Julio Alak<\/strong>, ofici\u00f3 de vocero y defendi\u00f3 la estrategia electoral del gobernador:\u00a0<strong>\u00abEl desdoblamiento fue muy positivo\u00bb<\/strong>, asegur\u00f3.<\/p>\n<p>En declaraciones period\u00edsticas, Alak argument\u00f3 que \u00abel resultado electoral de septiembre permiti\u00f3 que\u00a0<strong>se gane en 107 municipios de 135<\/strong>\u00bb y que \u00abse ganaron 34 bancas de legisladores provinciales, entre senadores y diputados, sobre un total de 69\u00bb.<\/p>\n<p>Consultado espec\u00edficamente por los reproches de la ex mandataria, Alak minimiz\u00f3 el impacto de la carta y afirm\u00f3 que\u00a0<strong>\u00abno fue motivo de an\u00e1lisis\u00bb<\/strong>\u00a0durante la cumbre. \u00abEl balance general fue muy positivo, con las dificultades que siempre hemos tenido en las elecciones legislativas\u00bb, acot\u00f3.<\/p>\n<p>Por su parte, el ministro de Gobierno,\u00a0<strong>Carlos Bianco<\/strong>, transmiti\u00f3 el pedido expl\u00edcito de Kicillof a su tropa: \u00abPidi\u00f3 a los ministros y los intendentes que\u00a0<strong>no nos enredemos en ninguna discusi\u00f3n interna<\/strong>\u00ab.<\/p>\n<p>Bianco tambi\u00e9n defini\u00f3 el mapa de rivales: \u00abTenemos solo un adversario que es el presidente y sus pol\u00edticas, y ahora se sum\u00f3 un adversario m\u00e1s potente que es (Donald) Trump\u00bb.<\/p>\n<h4><strong>Uno por uno: los 40 intendentes que participaron<\/strong><\/h4>\n<ul>\n<li>Julio Alak (La Plata)<\/li>\n<li>Fernando Espinoza (La Matanza)<\/li>\n<li>Jorge Ferraresi (Avellaneda)<\/li>\n<li>Mariano Cascallares (Almirante Brown)<\/li>\n<li>Fernando Moreira (San Mart\u00edn)<\/li>\n<li>Juan Jos\u00e9 Mussi (Berazategui)<\/li>\n<li>Federico Ach\u00e1val (Pilar)<\/li>\n<li>Andr\u00e9s Watson (Florencio Varela)<\/li>\n<li>Pablo Descalzo (Ituzaing\u00f3)<\/li>\n<li>Lucas Ghi (Mor\u00f3n)<\/li>\n<li>Fabi\u00e1n Cagliardi (Berisso)<\/li>\n<li>Ricardo Curutchet (Marcos Paz)<\/li>\n<li>David Angueira (Punta Indio)<\/li>\n<li>Facundo Diz (Navarro)<\/li>\n<li>Ricardo Alessandro (Salto)<\/li>\n<li>Daniel Stadnik (Carlos Casares)<\/li>\n<li>Gustavo Barrera (Villa Gesell)<\/li>\n<li>Julio Marini (Benito Ju\u00e1rez)<\/li>\n<li>Gustavo Cocconi (Tapalqu\u00e9)<\/li>\n<li>Mauro Poletti (Ramallo)<\/li>\n<li>Germ\u00e1n Lago (Alberti)<\/li>\n<li>Juan Manuel \u00c1lvarez (General Paz)<\/li>\n<li>Rodrigo Aristimu\u00f1o (Coronel Rosales)<\/li>\n<li>Diego Nanni (Exaltaci\u00f3n de la Cruz)<\/li>\n<li>Mar\u00eda Celia Gianini (Carlos Tejedor)<\/li>\n<li>Juan de Jes\u00fas (Partido de La Costa)<\/li>\n<li>Ricardo Moccero (Coronel Su\u00e1rez)<\/li>\n<li>Cecilio Salazar (San Pedro)<\/li>\n<li>Carlos Ferraris (Leandro N. Alem)<\/li>\n<li>Walter Wischnivetzky (Mar Chiquita)<\/li>\n<li>Alfredo Fisher (Laprida)<\/li>\n<li>Sergio Barenghi (Bragado)<\/li>\n<li>Ariel Succurro (Salliquel\u00f3)<\/li>\n<li>Ignacio Pugnaloni (Hip\u00f3lito Yrigoyen)<\/li>\n<li>Francisco Echarren (Castelli)<\/li>\n<li>Alejandro Acerbo (Daireaux)<\/li>\n<li>Sebasti\u00e1n Walker (Pila)<\/li>\n<li>Jos\u00e9 Nobre Ferreira (Guamin\u00ed)<\/li>\n<li>Carlos Rocha (General Guido)<\/li>\n<li>H\u00e9ctor Olivera (Tordillo)<\/li>\n<\/ul>\n<\/div>\n<\/div>\n","protected":false},"excerpt":{"rendered":"<p>M\u00e1s de 40 intendentes bonaerenses del peronismo cerraron filas este viernes y\u00a0respaldaron al gobernador Axel Kicillof, en medio de la creciente tensi\u00f3n interna en el peronismo tras la carta de la ex presidenta Cristina Kirchner que criticaba el desdoblamiento electoral. El encuentro, que dur\u00f3 m\u00e1s de tres horas, se llev\u00f3 a cabo en \u00abLa Casona\u00bb [&hellip;]<\/p>\n","protected":false},"author":3,"featured_media":117120,"comment_status":"open","ping_status":"open","sticky":false,"template":"","format":"standard","meta":{"footnotes":""},"categories":[7],"tags":[],"class_list":{"0":"post-117119","1":"post","2":"type-post","3":"status-publish","4":"format-standard","5":"has-post-thumbnail","7":"category-nac"},"_links":{"self":[{"href":"https:\/\/primicias2262.com\/noticias\/wp-json\/wp\/v2\/posts\/117119","targetHints":{"allow":["GET"]}}],"collection":[{"href":"https:\/\/primicias2262.com\/noticias\/wp-json\/wp\/v2\/posts"}],"about":[{"href":"https:\/\/primicias2262.com\/noticias\/wp-json\/wp\/v2\/types\/post"}],"author":[{"embeddable":true,"href":"https:\/\/primicias2262.com\/noticias\/wp-json\/wp\/v2\/users\/3"}],"replies":[{"embeddable":true,"href":"https:\/\/primicias2262.com\/noticias\/wp-json\/wp\/v2\/comments?post=117119"}],"version-history":[{"count":1,"href":"https:\/\/primicias2262.com\/noticias\/wp-json\/wp\/v2\/posts\/117119\/revisions"}],"predecessor-version":[{"id":117121,"href":"https:\/\/primicias2262.com\/noticias\/wp-json\/wp\/v2\/posts\/117119\/revisions\/117121"}],"wp:featuredmedia":[{"embeddable":true,"href":"https:\/\/primicias2262.com\/noticias\/wp-json\/wp\/v2\/media\/117120"}],"wp:attachment":[{"href":"https:\/\/primicias2262.com\/noticias\/wp-json\/wp\/v2\/media?parent=117119"}],"wp:term":[{"taxonomy":"category","embeddable":true,"href":"https:\/\/primicias2262.com\/noticias\/wp-json\/wp\/v2\/categories?post=117119"},{"taxonomy":"post_tag","embeddable":true,"href":"https:\/\/primicias2262.com\/noticias\/wp-json\/wp\/v2\/tags?post=117119"}],"curies":[{"name":"wp","href":"https:\/\/api.w.org\/{rel}","templated":true}]}}