{"id":117133,"date":"2025-11-03T16:41:11","date_gmt":"2025-11-03T16:41:11","guid":{"rendered":"https:\/\/primicias2262.com\/noticias\/?p=117133"},"modified":"2025-11-03T16:41:31","modified_gmt":"2025-11-03T16:41:31","slug":"faraminan-actualizo-como-se-avanza-en-la-implementacion-del-programa-ojos-en-alerta","status":"publish","type":"post","link":"https:\/\/primicias2262.com\/noticias\/faraminan-actualizo-como-se-avanza-en-la-implementacion-del-programa-ojos-en-alerta\/","title":{"rendered":"Farami\u00f1\u00e1n actualiz\u00f3 c\u00f3mo se avanza en la implementaci\u00f3n del programa Ojos en Alerta"},"content":{"rendered":"<p>La secretaria de Gobierno de la Municipalidad, Paula Farami\u00f1\u00e1n, dialog\u00f3 con el periodista Jorge G\u00f3mez en el programa Voces de la Ciudad (FM 90.3 Estaci\u00f3n FREE), donde brind\u00f3 detalles sobre la pr\u00f3xima implementaci\u00f3n en Necochea del programa Ojos en Alerta, una iniciativa originaria del municipio de San Miguel que busca fortalecer la seguridad a trav\u00e9s de la participaci\u00f3n ciudadana.<\/p>\n<p>\u201cLa semana pasada recibimos la capacitaci\u00f3n desde el programa a los formadores locales, que ser\u00e1n los encargados de replicar los conocimientos en nuestra comunidad\u201d, explic\u00f3 Farami\u00f1\u00e1n. Los capacitadores designados son Yamil Haedo (Relaciones con la Comunidad), Juli\u00e1n Corro (Concesiones), Ger\u00f3nimo Gallegos (Tierra y H\u00e1bitat) y Facundo Croci (Direcci\u00f3n de Transporte).<\/p>\n<p>La funcionaria destac\u00f3 que \u201clos funcionarios tenemos la responsabilidad de trabajar en conjunto; la seguridad no es un eslogan, es una realidad y una tarea que debemos asumir entre todos\u201d. En ese sentido, subray\u00f3 que Ojos en Alerta no depende exclusivamente de Prevenci\u00f3n y Monitoreo, sino que involucra a todas las \u00e1reas del municipio.<\/p>\n<p>Finalmente, adelant\u00f3 que a partir de la segunda quincena de noviembre comenzar\u00e1n las capacitaciones destinadas directamente a los vecinos en distintos puntos de la ciudad. \u201cQueremos que esta herramienta sea un complemento m\u00e1s dentro de todo el trabajo que venimos realizando en materia de seguridad\u201d, concluy\u00f3 Farami\u00f1\u00e1n.<\/p>\n","protected":false},"excerpt":{"rendered":"<p>La secretaria de Gobierno de la Municipalidad, Paula Farami\u00f1\u00e1n, dialog\u00f3 con el periodista Jorge G\u00f3mez en el programa Voces de la Ciudad (FM 90.3 Estaci\u00f3n FREE), donde brind\u00f3 detalles sobre la pr\u00f3xima implementaci\u00f3n en Necochea del programa Ojos en Alerta, una iniciativa originaria del municipio de San Miguel que busca fortalecer la seguridad a trav\u00e9s [&hellip;]<\/p>\n","protected":false},"author":3,"featured_media":117137,"comment_status":"open","ping_status":"open","sticky":false,"template":"","format":"standard","meta":{"footnotes":""},"categories":[5],"tags":[],"class_list":{"0":"post-117133","1":"post","2":"type-post","3":"status-publish","4":"format-standard","5":"has-post-thumbnail","7":"category-neco"},"_links":{"self":[{"href":"https:\/\/primicias2262.com\/noticias\/wp-json\/wp\/v2\/posts\/117133","targetHints":{"allow":["GET"]}}],"collection":[{"href":"https:\/\/primicias2262.com\/noticias\/wp-json\/wp\/v2\/posts"}],"about":[{"href":"https:\/\/primicias2262.com\/noticias\/wp-json\/wp\/v2\/types\/post"}],"author":[{"embeddable":true,"href":"https:\/\/primicias2262.com\/noticias\/wp-json\/wp\/v2\/users\/3"}],"replies":[{"embeddable":true,"href":"https:\/\/primicias2262.com\/noticias\/wp-json\/wp\/v2\/comments?post=117133"}],"version-history":[{"count":2,"href":"https:\/\/primicias2262.com\/noticias\/wp-json\/wp\/v2\/posts\/117133\/revisions"}],"predecessor-version":[{"id":117143,"href":"https:\/\/primicias2262.com\/noticias\/wp-json\/wp\/v2\/posts\/117133\/revisions\/117143"}],"wp:featuredmedia":[{"embeddable":true,"href":"https:\/\/primicias2262.com\/noticias\/wp-json\/wp\/v2\/media\/117137"}],"wp:attachment":[{"href":"https:\/\/primicias2262.com\/noticias\/wp-json\/wp\/v2\/media?parent=117133"}],"wp:term":[{"taxonomy":"category","embeddable":true,"href":"https:\/\/primicias2262.com\/noticias\/wp-json\/wp\/v2\/categories?post=117133"},{"taxonomy":"post_tag","embeddable":true,"href":"https:\/\/primicias2262.com\/noticias\/wp-json\/wp\/v2\/tags?post=117133"}],"curies":[{"name":"wp","href":"https:\/\/api.w.org\/{rel}","templated":true}]}}