{"id":117134,"date":"2025-11-03T16:41:01","date_gmt":"2025-11-03T16:41:01","guid":{"rendered":"https:\/\/primicias2262.com\/noticias\/?p=117134"},"modified":"2025-11-03T16:41:01","modified_gmt":"2025-11-03T16:41:01","slug":"nuevos-aumentos-en-combustibles-la-premium-ya-supera-los-1900-por-litro-en-necochea","status":"publish","type":"post","link":"https:\/\/primicias2262.com\/noticias\/nuevos-aumentos-en-combustibles-la-premium-ya-supera-los-1900-por-litro-en-necochea\/","title":{"rendered":"Nuevos aumentos en combustibles: la Premium ya supera los $1900 por litro en Necochea"},"content":{"rendered":"<p><strong>Jos\u00e9 Luis Arrate, referente de la estaci\u00f3n Axion de Necochea, dialog\u00f3 con el periodista Jorge G\u00f3mez en el programa Voces de la Ciudad, que se emite por Estaci\u00f3n FREE (FM 90.3), y se refiri\u00f3 al reciente incremento en los precios de los combustibles registrado a partir del 1\u00ba de noviembre.<\/strong><\/p>\n<p>\u201cEl aumento se debe principalmente a la actualizaci\u00f3n de impuestos y a la carga impositiva que recae sobre los combustibles\u201d, explic\u00f3 Arrate. Con la nueva escala, la nafta Premium cuesta $1919 por litro, la S\u00faper $1649, el Euro Diesel $1799 y el Gas Oil $1643. Por el momento, aclar\u00f3, no se prev\u00e9 un aumento en el valor del GNC.<\/p>\n<p>El empresario se\u00f1al\u00f3 que los precios se vienen ajustando tanto por decisiones de las petroleras como por los tributos nacionales. \u201cLa carga impositiva ronda entre el 45% y el 52%. Este pa\u00eds tiene petr\u00f3leo y es autoabastecido, pero gran parte de lo que pagamos va a impuestos, especialmente al mantenimiento de rutas y v\u00edas p\u00fablicas, que sin embargo siguen en mal estado\u201d, cuestion\u00f3.<\/p>\n<p>Arrate remarc\u00f3 que mes a mes se est\u00e1n actualizando tributos que hab\u00edan quedado postergados, y que a\u00fan restan nuevos incrementos. \u201cLas petroleras sostienen que, en funci\u00f3n del valor del d\u00f3lar, todav\u00eda les falta actualizar entre un 10 y un 15% los precios, lo cual ser\u00eda una exageraci\u00f3n\u201d, concluy\u00f3, advirtiendo que la tendencia al alza en los combustibles podr\u00eda continuar en los pr\u00f3ximos meses.<\/p>\n<p><a href=\"https:\/\/primicias2262.com\/noticias\/wp-content\/uploads\/2025\/11\/vasco-arrate.jpeg\"><img loading=\"lazy\" decoding=\"async\" class=\"aligncenter size-full wp-image-117139\" src=\"https:\/\/primicias2262.com\/noticias\/wp-content\/uploads\/2025\/11\/vasco-arrate.jpeg\" alt=\"\" width=\"885\" height=\"1280\" srcset=\"https:\/\/primicias2262.com\/noticias\/wp-content\/uploads\/2025\/11\/vasco-arrate.jpeg 885w, https:\/\/primicias2262.com\/noticias\/wp-content\/uploads\/2025\/11\/vasco-arrate-207x300.jpeg 207w, https:\/\/primicias2262.com\/noticias\/wp-content\/uploads\/2025\/11\/vasco-arrate-708x1024.jpeg 708w, https:\/\/primicias2262.com\/noticias\/wp-content\/uploads\/2025\/11\/vasco-arrate-768x1111.jpeg 768w, https:\/\/primicias2262.com\/noticias\/wp-content\/uploads\/2025\/11\/vasco-arrate-150x217.jpeg 150w, https:\/\/primicias2262.com\/noticias\/wp-content\/uploads\/2025\/11\/vasco-arrate-300x434.jpeg 300w, https:\/\/primicias2262.com\/noticias\/wp-content\/uploads\/2025\/11\/vasco-arrate-696x1007.jpeg 696w\" sizes=\"auto, (max-width: 885px) 100vw, 885px\" \/><\/a><\/p>\n","protected":false},"excerpt":{"rendered":"<p>Jos\u00e9 Luis Arrate, referente de la estaci\u00f3n Axion de Necochea, dialog\u00f3 con el periodista Jorge G\u00f3mez en el programa Voces de la Ciudad, que se emite por Estaci\u00f3n FREE (FM 90.3), y se refiri\u00f3 al reciente incremento en los precios de los combustibles registrado a partir del 1\u00ba de noviembre. \u201cEl aumento se debe principalmente [&hellip;]<\/p>\n","protected":false},"author":3,"featured_media":102426,"comment_status":"open","ping_status":"open","sticky":false,"template":"","format":"standard","meta":{"footnotes":""},"categories":[5],"tags":[],"class_list":{"0":"post-117134","1":"post","2":"type-post","3":"status-publish","4":"format-standard","5":"has-post-thumbnail","7":"category-neco"},"_links":{"self":[{"href":"https:\/\/primicias2262.com\/noticias\/wp-json\/wp\/v2\/posts\/117134","targetHints":{"allow":["GET"]}}],"collection":[{"href":"https:\/\/primicias2262.com\/noticias\/wp-json\/wp\/v2\/posts"}],"about":[{"href":"https:\/\/primicias2262.com\/noticias\/wp-json\/wp\/v2\/types\/post"}],"author":[{"embeddable":true,"href":"https:\/\/primicias2262.com\/noticias\/wp-json\/wp\/v2\/users\/3"}],"replies":[{"embeddable":true,"href":"https:\/\/primicias2262.com\/noticias\/wp-json\/wp\/v2\/comments?post=117134"}],"version-history":[{"count":1,"href":"https:\/\/primicias2262.com\/noticias\/wp-json\/wp\/v2\/posts\/117134\/revisions"}],"predecessor-version":[{"id":117141,"href":"https:\/\/primicias2262.com\/noticias\/wp-json\/wp\/v2\/posts\/117134\/revisions\/117141"}],"wp:featuredmedia":[{"embeddable":true,"href":"https:\/\/primicias2262.com\/noticias\/wp-json\/wp\/v2\/media\/102426"}],"wp:attachment":[{"href":"https:\/\/primicias2262.com\/noticias\/wp-json\/wp\/v2\/media?parent=117134"}],"wp:term":[{"taxonomy":"category","embeddable":true,"href":"https:\/\/primicias2262.com\/noticias\/wp-json\/wp\/v2\/categories?post=117134"},{"taxonomy":"post_tag","embeddable":true,"href":"https:\/\/primicias2262.com\/noticias\/wp-json\/wp\/v2\/tags?post=117134"}],"curies":[{"name":"wp","href":"https:\/\/api.w.org\/{rel}","templated":true}]}}