{"id":117135,"date":"2025-11-03T16:40:29","date_gmt":"2025-11-03T16:40:29","guid":{"rendered":"https:\/\/primicias2262.com\/noticias\/?p=117135"},"modified":"2025-11-03T16:40:29","modified_gmt":"2025-11-03T16:40:29","slug":"se-prorroga-el-periodo-de-sesiones-ordinarias-del-concejo-de-necochea","status":"publish","type":"post","link":"https:\/\/primicias2262.com\/noticias\/se-prorroga-el-periodo-de-sesiones-ordinarias-del-concejo-de-necochea\/","title":{"rendered":"Se prorroga el per\u00edodo de sesiones ordinarias del Concejo de Necochea"},"content":{"rendered":"<p><strong>Por Jorge G\u00f3mez<\/strong><\/p>\n<p>El Concejo Deliberante de Necochea ya brind\u00f3 su consentimiento, tema que ser\u00e1 incorporado en el orden del d\u00eda de la sesi\u00f3n ordinaria prevista para este mi\u00e9rcoles 5 de noviembre a partir de las 10 de la ma\u00f1ana, mediante el cual se prorrogar\u00e1 su per\u00edodo de sesiones ordinarias hasta el 31 de diciembre de 2025.<\/p>\n<p>El per\u00edodo se ordinarias finaliza, tal cual lo prev\u00e9n las normas, el 30 de noviembre, cuesti\u00f3n que ante este requerimiento y aprobaci\u00f3n se extender\u00e1 hasta fin del ejercicio.<\/p>\n<p>Se estableci\u00f3 que a solicitud del oficialismo, y visto el tratamiento de varios \u00abasuntos\u00bb que se consideran \u00abpendientes\u00bb de abordaje y de resoluci\u00f3n, es que el HCD llevar\u00e1 hasta fin de a\u00f1o la din\u00e1mica de sus comisiones internas, con la posibilidad de convocar a sesiones con orden del d\u00eda abierto -incluyendo la posible presentaci\u00f3n de proyectos sobre tablas-, y en este lapso, vale recordar, tendr\u00e1 lugar la sesi\u00f3n preparatoria el la que asumir\u00e1n los 10 concejales electos el pasado 7 de septiembre, renov\u00e1ndose paralelamente las autoridades del cuerpo.<\/p>\n<p>El facs\u00edmil adjunto da cuenta de la aludida pr\u00f3rroga.<\/p>\n<p><a href=\"https:\/\/primicias2262.com\/noticias\/wp-content\/uploads\/2025\/11\/prorroga.jpeg\"><img loading=\"lazy\" decoding=\"async\" class=\"aligncenter size-full wp-image-117138\" src=\"https:\/\/primicias2262.com\/noticias\/wp-content\/uploads\/2025\/11\/prorroga.jpeg\" alt=\"\" width=\"794\" height=\"1266\" srcset=\"https:\/\/primicias2262.com\/noticias\/wp-content\/uploads\/2025\/11\/prorroga.jpeg 794w, https:\/\/primicias2262.com\/noticias\/wp-content\/uploads\/2025\/11\/prorroga-188x300.jpeg 188w, https:\/\/primicias2262.com\/noticias\/wp-content\/uploads\/2025\/11\/prorroga-642x1024.jpeg 642w, https:\/\/primicias2262.com\/noticias\/wp-content\/uploads\/2025\/11\/prorroga-768x1225.jpeg 768w, https:\/\/primicias2262.com\/noticias\/wp-content\/uploads\/2025\/11\/prorroga-150x239.jpeg 150w, https:\/\/primicias2262.com\/noticias\/wp-content\/uploads\/2025\/11\/prorroga-300x478.jpeg 300w, https:\/\/primicias2262.com\/noticias\/wp-content\/uploads\/2025\/11\/prorroga-696x1110.jpeg 696w\" sizes=\"auto, (max-width: 794px) 100vw, 794px\" \/><\/a><\/p>\n","protected":false},"excerpt":{"rendered":"<p>Por Jorge G\u00f3mez El Concejo Deliberante de Necochea ya brind\u00f3 su consentimiento, tema que ser\u00e1 incorporado en el orden del d\u00eda de la sesi\u00f3n ordinaria prevista para este mi\u00e9rcoles 5 de noviembre a partir de las 10 de la ma\u00f1ana, mediante el cual se prorrogar\u00e1 su per\u00edodo de sesiones ordinarias hasta el 31 de diciembre [&hellip;]<\/p>\n","protected":false},"author":3,"featured_media":115455,"comment_status":"open","ping_status":"open","sticky":false,"template":"","format":"standard","meta":{"footnotes":""},"categories":[5],"tags":[],"class_list":{"0":"post-117135","1":"post","2":"type-post","3":"status-publish","4":"format-standard","5":"has-post-thumbnail","7":"category-neco"},"_links":{"self":[{"href":"https:\/\/primicias2262.com\/noticias\/wp-json\/wp\/v2\/posts\/117135","targetHints":{"allow":["GET"]}}],"collection":[{"href":"https:\/\/primicias2262.com\/noticias\/wp-json\/wp\/v2\/posts"}],"about":[{"href":"https:\/\/primicias2262.com\/noticias\/wp-json\/wp\/v2\/types\/post"}],"author":[{"embeddable":true,"href":"https:\/\/primicias2262.com\/noticias\/wp-json\/wp\/v2\/users\/3"}],"replies":[{"embeddable":true,"href":"https:\/\/primicias2262.com\/noticias\/wp-json\/wp\/v2\/comments?post=117135"}],"version-history":[{"count":1,"href":"https:\/\/primicias2262.com\/noticias\/wp-json\/wp\/v2\/posts\/117135\/revisions"}],"predecessor-version":[{"id":117140,"href":"https:\/\/primicias2262.com\/noticias\/wp-json\/wp\/v2\/posts\/117135\/revisions\/117140"}],"wp:featuredmedia":[{"embeddable":true,"href":"https:\/\/primicias2262.com\/noticias\/wp-json\/wp\/v2\/media\/115455"}],"wp:attachment":[{"href":"https:\/\/primicias2262.com\/noticias\/wp-json\/wp\/v2\/media?parent=117135"}],"wp:term":[{"taxonomy":"category","embeddable":true,"href":"https:\/\/primicias2262.com\/noticias\/wp-json\/wp\/v2\/categories?post=117135"},{"taxonomy":"post_tag","embeddable":true,"href":"https:\/\/primicias2262.com\/noticias\/wp-json\/wp\/v2\/tags?post=117135"}],"curies":[{"name":"wp","href":"https:\/\/api.w.org\/{rel}","templated":true}]}}