{"id":117164,"date":"2025-11-04T16:53:49","date_gmt":"2025-11-04T16:53:49","guid":{"rendered":"https:\/\/primicias2262.com\/noticias\/?p=117164"},"modified":"2025-11-05T16:34:13","modified_gmt":"2025-11-05T16:34:13","slug":"el-jardin-lassalle-sumara-sala-de-2-anos-en-2026","status":"publish","type":"post","link":"https:\/\/primicias2262.com\/noticias\/el-jardin-lassalle-sumara-sala-de-2-anos-en-2026\/","title":{"rendered":"El Jard\u00edn Lassalle sumar\u00e1 sala de 2 a\u00f1os en 2026"},"content":{"rendered":"<p><strong>El Jard\u00edn de infantes Municipal Lassalle anunci\u00f3 una importante novedad de cara al Ciclo Lectivo 2026: la apertura de la sala de 2 a\u00f1os, que se sumar\u00e1 a las ya existentes de 3, 4 y 5. As\u00ed lo confirmaron la directora de la instituci\u00f3n, Silvia Capalbo, y la vicedirectora, Cynthia Juliano, en el marco del inicio del per\u00edodo de inscripciones.<\/strong><\/p>\n<p>\u201cTenemos las inscripciones abiertas, con la novedad de que vamos a abrir la sala de 2 a\u00f1os, as\u00ed que contaremos con salas de 2, 3, 4 y 5 a\u00f1os, tanto en turno ma\u00f1ana como tarde\u201d, expresaron las autoridades, quienes invitaron a las familias a acercarse para conocer la propuesta educativa.<\/p>\n<p>Capalbo destac\u00f3 que el jard\u00edn ofrece una formaci\u00f3n integral: \u201cDentro de la curr\u00edcula tenemos Teatro y Educaci\u00f3n F\u00edsica, adem\u00e1s de Ingl\u00e9s extra program\u00e1tico. Y el a\u00f1o que viene sumaremos Artes Visuales, que ser\u00e1 otra novedad\u201d.<\/p>\n<p>Las inscripciones se realizan todos los d\u00edas h\u00e1biles hasta el 14 de noviembre, en los horarios de 9 a 11 por la ma\u00f1ana y de 13 a 16 por la tarde. \u201cSe cuida, se educa, se contiene y se acompa\u00f1a la trayectoria educativa de cada nene. Los invitamos a que vengan a conocernos\u201d, remarcaron las directivas.<\/p>\n<p>Finalmente, anticiparon que se realizar\u00e1n reformas edilicias para acondicionar el nuevo espacio destinado a los ni\u00f1os y ni\u00f1as de 2 a\u00f1os. \u201cVamos a colocar un piso de goma antigolpes, un cambiador y a adaptar toda la sala para esa franja etaria\u201d, detallaron, subrayando el compromiso del Jard\u00edn Lassalle con el crecimiento y la calidad educativa en el \u00e1mbito municipal.<\/p>\n","protected":false},"excerpt":{"rendered":"<p>El Jard\u00edn de infantes Municipal Lassalle anunci\u00f3 una importante novedad de cara al Ciclo Lectivo 2026: la apertura de la sala de 2 a\u00f1os, que se sumar\u00e1 a las ya existentes de 3, 4 y 5. As\u00ed lo confirmaron la directora de la instituci\u00f3n, Silvia Capalbo, y la vicedirectora, Cynthia Juliano, en el marco del [&hellip;]<\/p>\n","protected":false},"author":3,"featured_media":117167,"comment_status":"open","ping_status":"open","sticky":false,"template":"","format":"standard","meta":{"footnotes":""},"categories":[3],"tags":[],"class_list":{"0":"post-117164","1":"post","2":"type-post","3":"status-publish","4":"format-standard","5":"has-post-thumbnail","7":"category-masnoticias"},"_links":{"self":[{"href":"https:\/\/primicias2262.com\/noticias\/wp-json\/wp\/v2\/posts\/117164","targetHints":{"allow":["GET"]}}],"collection":[{"href":"https:\/\/primicias2262.com\/noticias\/wp-json\/wp\/v2\/posts"}],"about":[{"href":"https:\/\/primicias2262.com\/noticias\/wp-json\/wp\/v2\/types\/post"}],"author":[{"embeddable":true,"href":"https:\/\/primicias2262.com\/noticias\/wp-json\/wp\/v2\/users\/3"}],"replies":[{"embeddable":true,"href":"https:\/\/primicias2262.com\/noticias\/wp-json\/wp\/v2\/comments?post=117164"}],"version-history":[{"count":2,"href":"https:\/\/primicias2262.com\/noticias\/wp-json\/wp\/v2\/posts\/117164\/revisions"}],"predecessor-version":[{"id":117194,"href":"https:\/\/primicias2262.com\/noticias\/wp-json\/wp\/v2\/posts\/117164\/revisions\/117194"}],"wp:featuredmedia":[{"embeddable":true,"href":"https:\/\/primicias2262.com\/noticias\/wp-json\/wp\/v2\/media\/117167"}],"wp:attachment":[{"href":"https:\/\/primicias2262.com\/noticias\/wp-json\/wp\/v2\/media?parent=117164"}],"wp:term":[{"taxonomy":"category","embeddable":true,"href":"https:\/\/primicias2262.com\/noticias\/wp-json\/wp\/v2\/categories?post=117164"},{"taxonomy":"post_tag","embeddable":true,"href":"https:\/\/primicias2262.com\/noticias\/wp-json\/wp\/v2\/tags?post=117164"}],"curies":[{"name":"wp","href":"https:\/\/api.w.org\/{rel}","templated":true}]}}