{"id":117165,"date":"2025-11-04T16:53:56","date_gmt":"2025-11-04T16:53:56","guid":{"rendered":"https:\/\/primicias2262.com\/noticias\/?p=117165"},"modified":"2025-11-05T16:36:24","modified_gmt":"2025-11-05T16:36:24","slug":"alfredo-lamberti-analizo-la-actualidad-del-peronismo-y-el-nuevo-escenario-politico","status":"publish","type":"post","link":"https:\/\/primicias2262.com\/noticias\/alfredo-lamberti-analizo-la-actualidad-del-peronismo-y-el-nuevo-escenario-politico\/","title":{"rendered":"Alfredo Lamberti analiz\u00f3 la actualidad del peronismo y el nuevo escenario pol\u00edtico"},"content":{"rendered":"<p><strong>El concejal mandato cumplido y referente de la pol\u00edtica local, Alfredo Lamberti, analiz\u00f3 la situaci\u00f3n actual del peronismo y el nuevo escenario pol\u00edtico nacional tras las \u00faltimas elecciones, en di\u00e1logo con el periodista Jorge G\u00f3mez durante el programa \u201cVoces de la Ciudad\u201d, que se emite por FM Estaci\u00f3n FREE 90.3.<\/strong><\/p>\n<p>Lamberti fue categ\u00f3rico al afirmar que \u201cel peronismo no se termin\u00f3, al contrario, tiene que estar en plena ebullici\u00f3n, porque si no, no ser\u00eda ese gran movimiento que nos ense\u00f1\u00f3 Per\u00f3n\u201d. Sin embargo, consider\u00f3 que el espacio atraviesa una etapa de autocr\u00edtica y reorganizaci\u00f3n interna: \u201cEn alg\u00fan momento se hablaba de que hab\u00eda que tener determinada experiencia para la conducci\u00f3n, y hoy evidentemente eso est\u00e1 fallando, porque hace rato que no se dan elecciones internas. Es un movimiento que no est\u00e1 acostumbrado a perder, pero ahora ha perdido varias seguidas\u201d.<\/p>\n<p>El dirigente sostuvo que \u201chay muchos muchachos que participaron en el gobierno de Alberto Fern\u00e1ndez que deber\u00edan hacer un mea culpa, porque hace diez a\u00f1os que el pueblo est\u00e1 en penitencia, y eso no est\u00e1 bueno\u201d. En esa l\u00ednea, plante\u00f3 que la sociedad busca discutir el presente y el futuro m\u00e1s que el pasado. \u201cLos chicos j\u00f3venes ni siquiera est\u00e1n interesados por la historia argentina. Hay que hablar del presente, de lo que vas a hacer, c\u00f3mo lo vas a hacer y con qui\u00e9n\u201d, se\u00f1al\u00f3.<\/p>\n<p>Consultado sobre el voto popular hacia Javier Milei, Lamberti explic\u00f3 que \u201cla gente hoy vot\u00f3 previsibilidad y estabilidad, previsibilidad en el tiempo y estabilidad en lo econ\u00f3mico\u201d. Y agreg\u00f3 que \u201chay que admitir que se termin\u00f3 una etapa y comenz\u00f3 otra, pero debemos dejar de votar nombres para empezar a discutir pol\u00edtica de verdad. Primero discutamos y debatamos\u2026 los candidatos aparecen al final\u201d.<\/p>\n<p>Respecto del futuro del movimiento, expres\u00f3 que el peronismo \u201cviene pagando hace mucho tiempo por muchachos y muchachas que no han hecho buena letra\u201d, y opin\u00f3 que \u201cCristina deber\u00eda correrse de la escena, mirar para adelante y darle paso a nuevas generaciones, apoyando desde afuera\u201d.<\/p>\n<p>Finalmente, remarc\u00f3 su visi\u00f3n sobre los valores fundamentales del justicialismo: \u201cLa Asignaci\u00f3n Universal por Hijo no es peronismo. El peronismo es trabajo. Para Per\u00f3n hab\u00eda una sola clase de hombres: los que trabajaban. Entonces tenemos que salir de eso y darle trabajo a la gente. Gobernar es dar trabajo, no se trata de una d\u00e1diva\u201d, concluy\u00f3.<\/p>\n","protected":false},"excerpt":{"rendered":"<p>El concejal mandato cumplido y referente de la pol\u00edtica local, Alfredo Lamberti, analiz\u00f3 la situaci\u00f3n actual del peronismo y el nuevo escenario pol\u00edtico nacional tras las \u00faltimas elecciones, en di\u00e1logo con el periodista Jorge G\u00f3mez durante el programa \u201cVoces de la Ciudad\u201d, que se emite por FM Estaci\u00f3n FREE 90.3. Lamberti fue categ\u00f3rico al afirmar [&hellip;]<\/p>\n","protected":false},"author":3,"featured_media":117168,"comment_status":"open","ping_status":"open","sticky":false,"template":"","format":"standard","meta":{"footnotes":""},"categories":[3],"tags":[],"class_list":{"0":"post-117165","1":"post","2":"type-post","3":"status-publish","4":"format-standard","5":"has-post-thumbnail","7":"category-masnoticias"},"_links":{"self":[{"href":"https:\/\/primicias2262.com\/noticias\/wp-json\/wp\/v2\/posts\/117165","targetHints":{"allow":["GET"]}}],"collection":[{"href":"https:\/\/primicias2262.com\/noticias\/wp-json\/wp\/v2\/posts"}],"about":[{"href":"https:\/\/primicias2262.com\/noticias\/wp-json\/wp\/v2\/types\/post"}],"author":[{"embeddable":true,"href":"https:\/\/primicias2262.com\/noticias\/wp-json\/wp\/v2\/users\/3"}],"replies":[{"embeddable":true,"href":"https:\/\/primicias2262.com\/noticias\/wp-json\/wp\/v2\/comments?post=117165"}],"version-history":[{"count":1,"href":"https:\/\/primicias2262.com\/noticias\/wp-json\/wp\/v2\/posts\/117165\/revisions"}],"predecessor-version":[{"id":117170,"href":"https:\/\/primicias2262.com\/noticias\/wp-json\/wp\/v2\/posts\/117165\/revisions\/117170"}],"wp:featuredmedia":[{"embeddable":true,"href":"https:\/\/primicias2262.com\/noticias\/wp-json\/wp\/v2\/media\/117168"}],"wp:attachment":[{"href":"https:\/\/primicias2262.com\/noticias\/wp-json\/wp\/v2\/media?parent=117165"}],"wp:term":[{"taxonomy":"category","embeddable":true,"href":"https:\/\/primicias2262.com\/noticias\/wp-json\/wp\/v2\/categories?post=117165"},{"taxonomy":"post_tag","embeddable":true,"href":"https:\/\/primicias2262.com\/noticias\/wp-json\/wp\/v2\/tags?post=117165"}],"curies":[{"name":"wp","href":"https:\/\/api.w.org\/{rel}","templated":true}]}}