{"id":117166,"date":"2025-11-04T16:59:19","date_gmt":"2025-11-04T16:59:19","guid":{"rendered":"https:\/\/primicias2262.com\/noticias\/?p=117166"},"modified":"2025-11-05T16:34:22","modified_gmt":"2025-11-05T16:34:22","slug":"furno-hablo-sobre-la-posible-llegada-del-fondo-de-infraestructura-municipal","status":"publish","type":"post","link":"https:\/\/primicias2262.com\/noticias\/furno-hablo-sobre-la-posible-llegada-del-fondo-de-infraestructura-municipal\/","title":{"rendered":"Furno habl\u00f3 sobre la posible llegada del Fondo de Infraestructura Municipal"},"content":{"rendered":"<p><strong>El secretario de Planeamiento, Obras y Servicios P\u00fablicos de la Municipalidad de Necochea, Adri\u00e1n Furno, se refiri\u00f3 al posible desembarco del Fondo de Infraestructura Municipal (FIM) en los distritos bonaerenses, en una entrevista brindada al periodista Jorge G\u00f3mez en el programa \u201cVoces de la Ciudad\u201d, que se emite por FM Estaci\u00f3n FREE 90.3.<\/strong><\/p>\n<p>Furno explic\u00f3 que el gobernador Axel Kicillof \u201cllev\u00f3 el tema del endeudamiento para poderlo aprobar, y estamos esperando los municipios porque de ah\u00ed vendr\u00edan los recursos del Fondo de Infraestructura Municipal. Por el FIM puede venir algo de obra, que este a\u00f1o no lo tuvimos\u201d. En ese sentido, el funcionario remarc\u00f3 la importancia de contar con este tipo de herramientas para sostener la ejecuci\u00f3n de proyectos locales.<\/p>\n<p>\u201cTodo lo que no puede conseguirse de fondos coparticipables o nacionales se ve reflejado en el resentimiento de la obra p\u00fablica de cada municipio\u201d, sostuvo, y a\u00f1adi\u00f3 que la falta de recursos limita la posibilidad de responder a las demandas vecinales: \u201cEn un municipio donde la gente est\u00e1 demandando la obra, es dif\u00edcil con un gobierno nacional que te dice que la obra es cero y se prioriza el equilibrio fiscal. No entiendo cu\u00e1l es la funci\u00f3n del Estado si no brindamos ning\u00fan servicio al ciudadano\u2026 es una funci\u00f3n medio rara\u201d.<\/p>\n<p>Asimismo, Furno adelant\u00f3 que desde el municipio estar\u00e1n viajando esta semana a La Plata para gestionar avances en obras actualmente paralizadas. \u201cEl estr\u00e9s de las cuentas provinciales tambi\u00e9n es grand\u00edsimo\u201d, apunt\u00f3, haciendo alusi\u00f3n a la compleja situaci\u00f3n financiera que atraviesan tanto la provincia como los municipios.<\/p>\n<p>Por otro lado, destac\u00f3 las obras que se han podido concretar con fondos y administraci\u00f3n municipal, entre ellas la nueva sede de la Comisar\u00eda Segunda de Quequ\u00e9n, que se encuentra en su etapa final. \u201cEst\u00e1 casi lista, se est\u00e1 haciendo la vereda de ingreso y se acomoda la entrada a la Comisar\u00eda propiamente dicha. La obra qued\u00f3 muy bien, se est\u00e1 trabajando a\u00fan y en los pr\u00f3ximos d\u00edas estar\u00e1 lista totalmente para hacer entrega del edificio con la Comisar\u00eda nueva\u201d, inform\u00f3.<\/p>\n<p>Finalmente, record\u00f3 que el edificio anterior se encontraba \u201cen p\u00e9simas condiciones\u201d y que esta intervenci\u00f3n responde a \u201cun compromiso asumido por la gesti\u00f3n del intendente Arturo Rojas\u201d, que prioriz\u00f3 su renovaci\u00f3n para mejorar las condiciones de trabajo del personal policial y la atenci\u00f3n a los vecinos de Quequ\u00e9n.<\/p>\n","protected":false},"excerpt":{"rendered":"<p>El secretario de Planeamiento, Obras y Servicios P\u00fablicos de la Municipalidad de Necochea, Adri\u00e1n Furno, se refiri\u00f3 al posible desembarco del Fondo de Infraestructura Municipal (FIM) en los distritos bonaerenses, en una entrevista brindada al periodista Jorge G\u00f3mez en el programa \u201cVoces de la Ciudad\u201d, que se emite por FM Estaci\u00f3n FREE 90.3. Furno explic\u00f3 [&hellip;]<\/p>\n","protected":false},"author":3,"featured_media":113272,"comment_status":"open","ping_status":"open","sticky":false,"template":"","format":"standard","meta":{"footnotes":""},"categories":[3],"tags":[],"class_list":{"0":"post-117166","1":"post","2":"type-post","3":"status-publish","4":"format-standard","5":"has-post-thumbnail","7":"category-masnoticias"},"_links":{"self":[{"href":"https:\/\/primicias2262.com\/noticias\/wp-json\/wp\/v2\/posts\/117166","targetHints":{"allow":["GET"]}}],"collection":[{"href":"https:\/\/primicias2262.com\/noticias\/wp-json\/wp\/v2\/posts"}],"about":[{"href":"https:\/\/primicias2262.com\/noticias\/wp-json\/wp\/v2\/types\/post"}],"author":[{"embeddable":true,"href":"https:\/\/primicias2262.com\/noticias\/wp-json\/wp\/v2\/users\/3"}],"replies":[{"embeddable":true,"href":"https:\/\/primicias2262.com\/noticias\/wp-json\/wp\/v2\/comments?post=117166"}],"version-history":[{"count":1,"href":"https:\/\/primicias2262.com\/noticias\/wp-json\/wp\/v2\/posts\/117166\/revisions"}],"predecessor-version":[{"id":117172,"href":"https:\/\/primicias2262.com\/noticias\/wp-json\/wp\/v2\/posts\/117166\/revisions\/117172"}],"wp:featuredmedia":[{"embeddable":true,"href":"https:\/\/primicias2262.com\/noticias\/wp-json\/wp\/v2\/media\/113272"}],"wp:attachment":[{"href":"https:\/\/primicias2262.com\/noticias\/wp-json\/wp\/v2\/media?parent=117166"}],"wp:term":[{"taxonomy":"category","embeddable":true,"href":"https:\/\/primicias2262.com\/noticias\/wp-json\/wp\/v2\/categories?post=117166"},{"taxonomy":"post_tag","embeddable":true,"href":"https:\/\/primicias2262.com\/noticias\/wp-json\/wp\/v2\/tags?post=117166"}],"curies":[{"name":"wp","href":"https:\/\/api.w.org\/{rel}","templated":true}]}}