{"id":117177,"date":"2025-11-04T19:28:40","date_gmt":"2025-11-04T19:28:40","guid":{"rendered":"https:\/\/primicias2262.com\/noticias\/?p=117177"},"modified":"2025-11-04T19:28:40","modified_gmt":"2025-11-04T19:28:40","slug":"macri-volvio-a-marcar-diferencias-con-milei-y-hablo-de-personalidades-narcisistas-en-el-liderazgo-global","status":"publish","type":"post","link":"https:\/\/primicias2262.com\/noticias\/macri-volvio-a-marcar-diferencias-con-milei-y-hablo-de-personalidades-narcisistas-en-el-liderazgo-global\/","title":{"rendered":"Macri volvi\u00f3 a marcar diferencias con Milei y habl\u00f3 de \u201cpersonalidades narcisistas\u201d en el liderazgo global"},"content":{"rendered":"<p>El ex presidente<strong>\u00a0Mauricio Macri\u00a0<\/strong>volvi\u00f3 este martes a exponer sus diferencias con\u00a0<strong>Javier Milei<\/strong>\u00a0al advertir sobre \u201c<strong>personalidades narcisistas<\/strong>\u201d en el liderazgo global y subrayar<strong>\u00a0la necesidad de \u201cm\u00e1s empat\u00eda\u201d<\/strong>, en una nueva se\u00f1al de tensi\u00f3n pol\u00edtica entre el referente del PRO y la Casa Rosada.<\/p>\n<p>Sin mencionar directamente al Presidente, Macri afirm\u00f3 que \u201cel mundo ha vuelto a estar liderado por personalidades narcisistas que ni escuchan\u201d y plante\u00f3 que \u201chay que tener m\u00e1s empat\u00eda\u201d, en el marco de declaraciones que brind\u00f3 durante su participaci\u00f3n en el Foro ABECEB.<\/p>\n<p>En referencia al apoyo brindado al Gobierno, sostuvo: \u201c<strong>Apoy\u00f3 a este gobierno para gobernar en una situaci\u00f3n de minor\u00eda muy dif\u00edcil, pero ejercer liderazgos sin equipo se hace muy dif\u00edcil<\/strong>\u201d.<\/p>\n<p>El ex mandatario insisti\u00f3 en su cr\u00edtica a ciertos estilos de conducci\u00f3n: \u201cEl mundo ha vuelto a estar liderado por personalidades narcisistas a tal nivel que ya ni escuchan,\u00a0<strong>no les importa lo que digan los dem\u00e1s, ellos van avanzando en su vida\u201d.<\/strong><\/p>\n<p>Seg\u00fan dijo, este fen\u00f3meno responde a \u201cla violencia con que hoy se comunica la sociedad en el debate de las ideas\u201d, lo que deriv\u00f3 en \u201cun retroceso terrible en la oferta de liderazgos\u201d.<\/p>\n<p>Sobre la relaci\u00f3n pol\u00edtica con Milei, Macri afirm\u00f3 que \u201cel PRO ha apoyado como nunca en la historia de la pol\u00edtica argentina un partido que no era gobierno; apoy\u00f3 a este gobierno para lograr no solo ganar una elecci\u00f3n, sino tratar de gobernar en una situaci\u00f3n de minor\u00eda muy dif\u00edcil\u201d.<\/p>\n<p>No obstante, remarc\u00f3 que el acompa\u00f1amiento ser\u00e1 \u201c<strong>en base a las ideas<\/strong>\u201d.<\/p>\n<p>\u201cEn el PRO creemos, sobre todo en esta era de una pol\u00edtica tan fragmentada, tan violenta, que ejercer liderazgos sin equipo, sin compartir en los esquemas de decisi\u00f3n, se hace muy dif\u00edcil\u201d, expres\u00f3. Tambi\u00e9n destac\u00f3 que mantiene con Milei \u201cuna muy linda relaci\u00f3n humana\u201d, con \u201cmuchas coincidencias\u201d.<\/p>\n","protected":false},"excerpt":{"rendered":"<p>El ex presidente\u00a0Mauricio Macri\u00a0volvi\u00f3 este martes a exponer sus diferencias con\u00a0Javier Milei\u00a0al advertir sobre \u201cpersonalidades narcisistas\u201d en el liderazgo global y subrayar\u00a0la necesidad de \u201cm\u00e1s empat\u00eda\u201d, en una nueva se\u00f1al de tensi\u00f3n pol\u00edtica entre el referente del PRO y la Casa Rosada. Sin mencionar directamente al Presidente, Macri afirm\u00f3 que \u201cel mundo ha vuelto a [&hellip;]<\/p>\n","protected":false},"author":3,"featured_media":117178,"comment_status":"open","ping_status":"open","sticky":false,"template":"","format":"standard","meta":{"footnotes":""},"categories":[7],"tags":[],"class_list":{"0":"post-117177","1":"post","2":"type-post","3":"status-publish","4":"format-standard","5":"has-post-thumbnail","7":"category-nac"},"_links":{"self":[{"href":"https:\/\/primicias2262.com\/noticias\/wp-json\/wp\/v2\/posts\/117177","targetHints":{"allow":["GET"]}}],"collection":[{"href":"https:\/\/primicias2262.com\/noticias\/wp-json\/wp\/v2\/posts"}],"about":[{"href":"https:\/\/primicias2262.com\/noticias\/wp-json\/wp\/v2\/types\/post"}],"author":[{"embeddable":true,"href":"https:\/\/primicias2262.com\/noticias\/wp-json\/wp\/v2\/users\/3"}],"replies":[{"embeddable":true,"href":"https:\/\/primicias2262.com\/noticias\/wp-json\/wp\/v2\/comments?post=117177"}],"version-history":[{"count":1,"href":"https:\/\/primicias2262.com\/noticias\/wp-json\/wp\/v2\/posts\/117177\/revisions"}],"predecessor-version":[{"id":117179,"href":"https:\/\/primicias2262.com\/noticias\/wp-json\/wp\/v2\/posts\/117177\/revisions\/117179"}],"wp:featuredmedia":[{"embeddable":true,"href":"https:\/\/primicias2262.com\/noticias\/wp-json\/wp\/v2\/media\/117178"}],"wp:attachment":[{"href":"https:\/\/primicias2262.com\/noticias\/wp-json\/wp\/v2\/media?parent=117177"}],"wp:term":[{"taxonomy":"category","embeddable":true,"href":"https:\/\/primicias2262.com\/noticias\/wp-json\/wp\/v2\/categories?post=117177"},{"taxonomy":"post_tag","embeddable":true,"href":"https:\/\/primicias2262.com\/noticias\/wp-json\/wp\/v2\/tags?post=117177"}],"curies":[{"name":"wp","href":"https:\/\/api.w.org\/{rel}","templated":true}]}}