{"id":117189,"date":"2025-11-05T14:29:22","date_gmt":"2025-11-05T14:29:22","guid":{"rendered":"https:\/\/primicias2262.com\/noticias\/?p=117189"},"modified":"2025-11-06T17:08:33","modified_gmt":"2025-11-06T17:08:33","slug":"intento-de-destruccion-del-busto-a-domingo-faustino-sarmiento-y-vuelvo-a-ubicar-en-su-original-sitio","status":"publish","type":"post","link":"https:\/\/primicias2262.com\/noticias\/intento-de-destruccion-del-busto-a-domingo-faustino-sarmiento-y-vuelvo-a-ubicar-en-su-original-sitio\/","title":{"rendered":"Intento de destrucci\u00f3n del busto a Domingo Faustino Sarmiento, y vuelto a ubicar en su original sitio"},"content":{"rendered":"<p><strong>Por Jorge G\u00f3mez<\/strong><\/p>\n<p>D\u00edas pasados -m\u00e1s precisamente el 28 de octubre-, en otro hecho vand\u00e1lico repudiable y que merece el rechazo un\u00e1nime de la sociedad de nuestra comunidad, un grupo -se supone de j\u00f3venes- procedi\u00f3 a desmontar con intentos de da\u00f1ar el busto que recuerda a Domingo Faustino Sarmiento, el que se sit\u00faa en un lateral de la plazoleta lindante al cruce de las calles 47 y avenida 58, dej\u00e1ndolo tirado a un costado del espacioso play\u00f3n.<\/p>\n<p>Anoticiado de la circunstancia, personal del \u00e1rea de Servicios P\u00fablicos de la Municipalidad de Necochea, que presta tareas en el Corral\u00f3n comunal, lo retir\u00f3 y traslad\u00f3 el aludido busto hasta la dependencia de avenida 43 entre 62 y 64, donde adem\u00e1s de limpiarlo y acondicionarlo, se lo volvi\u00f3 a trasladar a su original ubicaci\u00f3n, para lo cual se procedi\u00f3 a construir una nueva base y otro anclaje, sujet\u00e1ndolo al hist\u00f3rico emplazamiento.<\/p>\n<p>Datos y fotos enviadas por el director del \u00e1rea municipal, el estimado Ariel Rodr\u00edguez.<\/p>\n<p><a href=\"https:\/\/primicias2262.com\/noticias\/wp-content\/uploads\/2025\/11\/WhatsApp-Image-2025-11-05-at-11.12.26-AM.jpeg\"><img loading=\"lazy\" decoding=\"async\" class=\"aligncenter size-full wp-image-117197\" src=\"https:\/\/primicias2262.com\/noticias\/wp-content\/uploads\/2025\/11\/WhatsApp-Image-2025-11-05-at-11.12.26-AM.jpeg\" alt=\"\" width=\"960\" height=\"1280\" srcset=\"https:\/\/primicias2262.com\/noticias\/wp-content\/uploads\/2025\/11\/WhatsApp-Image-2025-11-05-at-11.12.26-AM.jpeg 960w, https:\/\/primicias2262.com\/noticias\/wp-content\/uploads\/2025\/11\/WhatsApp-Image-2025-11-05-at-11.12.26-AM-225x300.jpeg 225w, https:\/\/primicias2262.com\/noticias\/wp-content\/uploads\/2025\/11\/WhatsApp-Image-2025-11-05-at-11.12.26-AM-768x1024.jpeg 768w, https:\/\/primicias2262.com\/noticias\/wp-content\/uploads\/2025\/11\/WhatsApp-Image-2025-11-05-at-11.12.26-AM-150x200.jpeg 150w, https:\/\/primicias2262.com\/noticias\/wp-content\/uploads\/2025\/11\/WhatsApp-Image-2025-11-05-at-11.12.26-AM-300x400.jpeg 300w, https:\/\/primicias2262.com\/noticias\/wp-content\/uploads\/2025\/11\/WhatsApp-Image-2025-11-05-at-11.12.26-AM-696x928.jpeg 696w\" sizes=\"auto, (max-width: 960px) 100vw, 960px\" \/><\/a><\/p>\n","protected":false},"excerpt":{"rendered":"<p>Por Jorge G\u00f3mez D\u00edas pasados -m\u00e1s precisamente el 28 de octubre-, en otro hecho vand\u00e1lico repudiable y que merece el rechazo un\u00e1nime de la sociedad de nuestra comunidad, un grupo -se supone de j\u00f3venes- procedi\u00f3 a desmontar con intentos de da\u00f1ar el busto que recuerda a Domingo Faustino Sarmiento, el que se sit\u00faa en un [&hellip;]<\/p>\n","protected":false},"author":3,"featured_media":117196,"comment_status":"open","ping_status":"open","sticky":false,"template":"","format":"standard","meta":{"footnotes":""},"categories":[3],"tags":[],"class_list":{"0":"post-117189","1":"post","2":"type-post","3":"status-publish","4":"format-standard","5":"has-post-thumbnail","7":"category-masnoticias"},"_links":{"self":[{"href":"https:\/\/primicias2262.com\/noticias\/wp-json\/wp\/v2\/posts\/117189","targetHints":{"allow":["GET"]}}],"collection":[{"href":"https:\/\/primicias2262.com\/noticias\/wp-json\/wp\/v2\/posts"}],"about":[{"href":"https:\/\/primicias2262.com\/noticias\/wp-json\/wp\/v2\/types\/post"}],"author":[{"embeddable":true,"href":"https:\/\/primicias2262.com\/noticias\/wp-json\/wp\/v2\/users\/3"}],"replies":[{"embeddable":true,"href":"https:\/\/primicias2262.com\/noticias\/wp-json\/wp\/v2\/comments?post=117189"}],"version-history":[{"count":2,"href":"https:\/\/primicias2262.com\/noticias\/wp-json\/wp\/v2\/posts\/117189\/revisions"}],"predecessor-version":[{"id":117200,"href":"https:\/\/primicias2262.com\/noticias\/wp-json\/wp\/v2\/posts\/117189\/revisions\/117200"}],"wp:featuredmedia":[{"embeddable":true,"href":"https:\/\/primicias2262.com\/noticias\/wp-json\/wp\/v2\/media\/117196"}],"wp:attachment":[{"href":"https:\/\/primicias2262.com\/noticias\/wp-json\/wp\/v2\/media?parent=117189"}],"wp:term":[{"taxonomy":"category","embeddable":true,"href":"https:\/\/primicias2262.com\/noticias\/wp-json\/wp\/v2\/categories?post=117189"},{"taxonomy":"post_tag","embeddable":true,"href":"https:\/\/primicias2262.com\/noticias\/wp-json\/wp\/v2\/tags?post=117189"}],"curies":[{"name":"wp","href":"https:\/\/api.w.org\/{rel}","templated":true}]}}