{"id":117204,"date":"2025-11-05T23:41:53","date_gmt":"2025-11-05T23:41:53","guid":{"rendered":"https:\/\/primicias2262.com\/noticias\/?p=117204"},"modified":"2025-11-05T23:41:53","modified_gmt":"2025-11-05T23:41:53","slug":"las-autoridades-del-garrahan-no-se-sumaran-al-aumento-salarial-del-61-para-preservar-la-austeridad","status":"publish","type":"post","link":"https:\/\/primicias2262.com\/noticias\/las-autoridades-del-garrahan-no-se-sumaran-al-aumento-salarial-del-61-para-preservar-la-austeridad\/","title":{"rendered":"Las autoridades del Garrahan no se sumar\u00e1n al aumento salarial del 61% para preservar la \u00abausteridad\u00bb"},"content":{"rendered":"<div class=\"article-body\" data-tadevel-template=\"web\/article-body\">\n<div class=\"article-body-content\">\n<p><strong>Las autoridades del Hospital Garrahan decidieron no percibir el aumento salarial del 61% \u00aben l\u00ednea con las medidas de eficiencia\u00bb y de \u00abausteridad\u00bb que \u00abcaracterizan a esta gesti\u00f3n\u00bb<\/strong>, seg\u00fan indicaron los miembros del Consejo de Administraci\u00f3n en un comunicado.<\/p>\n<p>En el texto, expresaron su decisi\u00f3n de no incluirse en la suba salarial anunciada el martes pasado para todo el personal del centro m\u00e9dico pedi\u00e1trico.<\/p>\n<p><strong>\u00abEsta decisi\u00f3n reafirma el compromiso de esta gesti\u00f3n con la austeridad, valor que permiti\u00f3 alcanzar un orden administrativo y financiero hist\u00f3rico<\/strong>, garantizando la sostenibilidad y crecimiento del hospital\u00bb, explicaron.<\/p>\n<p>La medida fue celebrada por el ministro de Salud, Mario Lugones, quien en su cuenta de X sostuvo que se trat\u00f3 de un \u00abgesto de responsabilidad\u00bb.<\/p>\n<p>\u00abDesde el principio de nuestra gesti\u00f3n, nos propusimos ordenar el sistema de salud con austeridad y seriedad. En el Garrahan, ese camino nos permiti\u00f3 alcanzar el d\u00e9ficit cero, poner en marcha obras y jerarquizar los ingresos de los profesionales, para convertirlo en el mejor hospital de Am\u00e9rica Latina. Los recursos son limitados, por eso deben destinarse al equipo de salud y a fortalecer la atenci\u00f3n de los chicos. Mis felicitaciones por esta decisi\u00f3n\u00bb, agreg\u00f3.<\/p>\n<p>El aumento anunciado sobre el sueldo b\u00e1sico ser\u00e1 otorgado al personal de planta, contratos de empleo p\u00fablico, becarios y residentes, se implementar\u00e1 de forma inmediata y retroactiva a octubre, y no impactar\u00e1 en los haberes de las autoridades, seg\u00fan trascendi\u00f3.<\/p>\n<\/div>\n<\/div>\n","protected":false},"excerpt":{"rendered":"<p>Las autoridades del Hospital Garrahan decidieron no percibir el aumento salarial del 61% \u00aben l\u00ednea con las medidas de eficiencia\u00bb y de \u00abausteridad\u00bb que \u00abcaracterizan a esta gesti\u00f3n\u00bb, seg\u00fan indicaron los miembros del Consejo de Administraci\u00f3n en un comunicado. En el texto, expresaron su decisi\u00f3n de no incluirse en la suba salarial anunciada el martes [&hellip;]<\/p>\n","protected":false},"author":3,"featured_media":117205,"comment_status":"open","ping_status":"open","sticky":false,"template":"","format":"standard","meta":{"footnotes":""},"categories":[7],"tags":[],"class_list":{"0":"post-117204","1":"post","2":"type-post","3":"status-publish","4":"format-standard","5":"has-post-thumbnail","7":"category-nac"},"_links":{"self":[{"href":"https:\/\/primicias2262.com\/noticias\/wp-json\/wp\/v2\/posts\/117204","targetHints":{"allow":["GET"]}}],"collection":[{"href":"https:\/\/primicias2262.com\/noticias\/wp-json\/wp\/v2\/posts"}],"about":[{"href":"https:\/\/primicias2262.com\/noticias\/wp-json\/wp\/v2\/types\/post"}],"author":[{"embeddable":true,"href":"https:\/\/primicias2262.com\/noticias\/wp-json\/wp\/v2\/users\/3"}],"replies":[{"embeddable":true,"href":"https:\/\/primicias2262.com\/noticias\/wp-json\/wp\/v2\/comments?post=117204"}],"version-history":[{"count":1,"href":"https:\/\/primicias2262.com\/noticias\/wp-json\/wp\/v2\/posts\/117204\/revisions"}],"predecessor-version":[{"id":117206,"href":"https:\/\/primicias2262.com\/noticias\/wp-json\/wp\/v2\/posts\/117204\/revisions\/117206"}],"wp:featuredmedia":[{"embeddable":true,"href":"https:\/\/primicias2262.com\/noticias\/wp-json\/wp\/v2\/media\/117205"}],"wp:attachment":[{"href":"https:\/\/primicias2262.com\/noticias\/wp-json\/wp\/v2\/media?parent=117204"}],"wp:term":[{"taxonomy":"category","embeddable":true,"href":"https:\/\/primicias2262.com\/noticias\/wp-json\/wp\/v2\/categories?post=117204"},{"taxonomy":"post_tag","embeddable":true,"href":"https:\/\/primicias2262.com\/noticias\/wp-json\/wp\/v2\/tags?post=117204"}],"curies":[{"name":"wp","href":"https:\/\/api.w.org\/{rel}","templated":true}]}}