{"id":117207,"date":"2025-11-05T23:43:48","date_gmt":"2025-11-05T23:43:48","guid":{"rendered":"https:\/\/primicias2262.com\/noticias\/?p=117207"},"modified":"2025-11-05T23:43:48","modified_gmt":"2025-11-05T23:43:48","slug":"rechazan-cautelar-de-cristina-kirchner-para-restablecer-su-asignacion-mensual-vitalicia-los-motivos","status":"publish","type":"post","link":"https:\/\/primicias2262.com\/noticias\/rechazan-cautelar-de-cristina-kirchner-para-restablecer-su-asignacion-mensual-vitalicia-los-motivos\/","title":{"rendered":"Rechazan cautelar de Cristina Kirchner para restablecer su asignaci\u00f3n mensual vitalicia: los motivos"},"content":{"rendered":"<p>El Juzgado Federal de la Seguridad Social N\u00b01, a cargo de Karina Alonso Candis, resolvi\u00f3 este mi\u00e9rcoles rechazar la medida cautelar solicitada por la ex presidenta\u00a0<strong>Cristina Kirchner\u00a0<\/strong>para que se le restableciera el beneficio de la asignaci\u00f3n mensual vitalicia que se le hab\u00eda otorgado como causahabiente del fallecido ex mandatario<strong>\u00a0N\u00e9stor Kirchner<\/strong>.<\/p>\n<p>El beneficio hab\u00eda sido suspendido por la Administraci\u00f3n Nacional de la Seguridad Social (ANSES), que depende del Ministerio de Capital Humano y que le reclamar\u00e1 a la actual presidenta del Partido Justicialista (PJ) que reintegre lo cobrado con anterioridad, cifra que se ubicar\u00eda en torno a los 1.000 millones de pesos.<\/p>\n<p>En el marco de esta causa judicial, la ex mandataria ven\u00eda reclamando la nulidad de las resoluciones que dieron de baja tanto su pensi\u00f3n como la que le correspond\u00eda por su propio mandato presidencial.<\/p>\n<p>El planteo de Cristina Kirchner argumentaba que la demora en la resoluci\u00f3n definitiva del proceso judicial podr\u00eda afectar sus derechos a la seguridad social y su subsistencia y sosten\u00eda que la medida cautelar no resolv\u00eda el fondo del asunto, ya que exist\u00eda una sentencia firme previa que le reconoc\u00eda el beneficio.<\/p>\n<p>La\u00a0ANSES, en su respuesta, hab\u00eda solicitado el rechazo de la medida cautelar, argumentando que el beneficio previsto en la ley 24.018 para presidentes, vicepresidentes y sus viudas es una asignaci\u00f3n graciable, es decir, un reconocimiento excepcional que no depende de aportes previsionales, sino que se otorga como contraprestaci\u00f3n al honor y buen desempe\u00f1o en el cargo.<\/p>\n<p>El organismo sostuvo que la medida cautelar pretendida se confund\u00eda con el objeto principal de la demanda y que no se verificaban los requisitos legales para suspender el acto administrativo cuestionado.<\/p>\n<p>\u00abLa medida solicitada por quien acciona afecta el inter\u00e9s p\u00fablico, ya que se estar\u00eda ordenando el pago de un beneficio de significativa consideraci\u00f3n econ\u00f3mica y se vulnerar\u00edan las pol\u00edticas de veracidad y transparencia en la gesti\u00f3n de los asuntos p\u00fablicos, dos aspectos cruciales en la lucha eficiente contra la corrupci\u00f3n, todo lo cual afectar\u00eda los recursos del Estado\u00bb, advirti\u00f3 el organismo previsional.<\/p>\n<p>La decisi\u00f3n de las bajas se tom\u00f3 luego de que la ex presidenta fuera condenada en segunda instancia por la C\u00e1mara de Casaci\u00f3n Penal Federal, por ser considerada \u201cautora penalmente responsable del delito de administraci\u00f3n fraudulenta en perjuicio de la administraci\u00f3n p\u00fablica\u201d en la causa Vialidad.<\/p>\n<p>La condena luego result\u00f3 confirmada por la Corte Suprema de Justicia de la Naci\u00f3n, por lo cual Cristina Kirchner cumple condena domiciliaria actualmente en su departamento del barrio de Constituci\u00f3n.<\/p>\n","protected":false},"excerpt":{"rendered":"<p>El Juzgado Federal de la Seguridad Social N\u00b01, a cargo de Karina Alonso Candis, resolvi\u00f3 este mi\u00e9rcoles rechazar la medida cautelar solicitada por la ex presidenta\u00a0Cristina Kirchner\u00a0para que se le restableciera el beneficio de la asignaci\u00f3n mensual vitalicia que se le hab\u00eda otorgado como causahabiente del fallecido ex mandatario\u00a0N\u00e9stor Kirchner. El beneficio hab\u00eda sido suspendido [&hellip;]<\/p>\n","protected":false},"author":3,"featured_media":109095,"comment_status":"open","ping_status":"open","sticky":false,"template":"","format":"standard","meta":{"footnotes":""},"categories":[7],"tags":[],"class_list":{"0":"post-117207","1":"post","2":"type-post","3":"status-publish","4":"format-standard","5":"has-post-thumbnail","7":"category-nac"},"_links":{"self":[{"href":"https:\/\/primicias2262.com\/noticias\/wp-json\/wp\/v2\/posts\/117207","targetHints":{"allow":["GET"]}}],"collection":[{"href":"https:\/\/primicias2262.com\/noticias\/wp-json\/wp\/v2\/posts"}],"about":[{"href":"https:\/\/primicias2262.com\/noticias\/wp-json\/wp\/v2\/types\/post"}],"author":[{"embeddable":true,"href":"https:\/\/primicias2262.com\/noticias\/wp-json\/wp\/v2\/users\/3"}],"replies":[{"embeddable":true,"href":"https:\/\/primicias2262.com\/noticias\/wp-json\/wp\/v2\/comments?post=117207"}],"version-history":[{"count":1,"href":"https:\/\/primicias2262.com\/noticias\/wp-json\/wp\/v2\/posts\/117207\/revisions"}],"predecessor-version":[{"id":117208,"href":"https:\/\/primicias2262.com\/noticias\/wp-json\/wp\/v2\/posts\/117207\/revisions\/117208"}],"wp:featuredmedia":[{"embeddable":true,"href":"https:\/\/primicias2262.com\/noticias\/wp-json\/wp\/v2\/media\/109095"}],"wp:attachment":[{"href":"https:\/\/primicias2262.com\/noticias\/wp-json\/wp\/v2\/media?parent=117207"}],"wp:term":[{"taxonomy":"category","embeddable":true,"href":"https:\/\/primicias2262.com\/noticias\/wp-json\/wp\/v2\/categories?post=117207"},{"taxonomy":"post_tag","embeddable":true,"href":"https:\/\/primicias2262.com\/noticias\/wp-json\/wp\/v2\/tags?post=117207"}],"curies":[{"name":"wp","href":"https:\/\/api.w.org\/{rel}","templated":true}]}}