{"id":117209,"date":"2025-11-05T23:45:41","date_gmt":"2025-11-05T23:45:41","guid":{"rendered":"https:\/\/primicias2262.com\/noticias\/?p=117209"},"modified":"2025-11-05T23:45:41","modified_gmt":"2025-11-05T23:45:41","slug":"adorni-anticipo-cambios-en-las-reuniones-de-gabinete-vamos-a-adicionar-otro-esquema","status":"publish","type":"post","link":"https:\/\/primicias2262.com\/noticias\/adorni-anticipo-cambios-en-las-reuniones-de-gabinete-vamos-a-adicionar-otro-esquema\/","title":{"rendered":"Adorni anticip\u00f3 cambios en las reuniones de Gabinete: \u201cVamos a adicionar otro esquema\u201d"},"content":{"rendered":"<p>El jefe de Gabinete, Manuel Adorni, anticip\u00f3 este mi\u00e9rcoles cambios en las reuniones con los ministros al afirmar que se va a \u201c<strong>adicionar otro esquema\u201d<\/strong>\u00a0al que hab\u00eda establecido su antecesor en el cargo,\u00a0<strong>Guillermo Francos<\/strong>.<\/p>\n<p>\u201cV<strong>amos a adicionar otro esquema de reuniones de Gabinete<\/strong>\u201d, sostuvo Adorni en declaraciones a\u00a0<i>Radio Rivadavia<\/i>, y adelant\u00f3 encuentros con los ministros que coordinar\u00e1 \u00e9l en caso de que el presidente\u00a0<strong>Javier Milei<\/strong>\u00a0no pueda participar.<\/p>\n<p>El ministro coordinador traz\u00f3 como objetivos para su gesti\u00f3n una mayor \u201c<strong>coordinaci\u00f3n interministerial\u201d<\/strong>\u00a0y\u00a0<strong>\u201cempujar\u201d la gesti\u00f3n libertaria<\/strong>, que en los pr\u00f3ximos meses estar\u00e1 abocada a las reformas estructurales que deben pasar por el Congreso.<\/p>\n<p>Adorni volvi\u00f3 a referirse a las cr\u00edticas del ex presidente\u00a0<strong>Mauricio Macri<\/strong>\u00a0a su designaci\u00f3n y consider\u00f3 que el titular del PRO fue \u201cinjusto\u201d con Milei al cuestionar el nombramiento.<\/p>\n<p>\u201cEs injusto con el Presidente, que fue el que me eligi\u00f3\u201d, plante\u00f3 el jefe de Gabinete y record\u00f3 que Macri \u201csiempre lo halag\u00f3\u201d cuando era jefe de comunicaci\u00f3n.<\/p>\n<p>Sobre los nombres que van a ocupar los ministerios de Defensa y Seguridad tras las salida de Luis Petri y Patricia Bullrich, respectivamente, Adorni precis\u00f3 que el esquema<strong>\u00a0se terminar\u00e1 de delinear \u201ccerca del 10 de diciembre\u201d.<\/strong><\/p>\n","protected":false},"excerpt":{"rendered":"<p>El jefe de Gabinete, Manuel Adorni, anticip\u00f3 este mi\u00e9rcoles cambios en las reuniones con los ministros al afirmar que se va a \u201cadicionar otro esquema\u201d\u00a0al que hab\u00eda establecido su antecesor en el cargo,\u00a0Guillermo Francos. \u201cVamos a adicionar otro esquema de reuniones de Gabinete\u201d, sostuvo Adorni en declaraciones a\u00a0Radio Rivadavia, y adelant\u00f3 encuentros con los ministros [&hellip;]<\/p>\n","protected":false},"author":3,"featured_media":107457,"comment_status":"open","ping_status":"open","sticky":false,"template":"","format":"standard","meta":{"footnotes":""},"categories":[7],"tags":[],"class_list":{"0":"post-117209","1":"post","2":"type-post","3":"status-publish","4":"format-standard","5":"has-post-thumbnail","7":"category-nac"},"_links":{"self":[{"href":"https:\/\/primicias2262.com\/noticias\/wp-json\/wp\/v2\/posts\/117209","targetHints":{"allow":["GET"]}}],"collection":[{"href":"https:\/\/primicias2262.com\/noticias\/wp-json\/wp\/v2\/posts"}],"about":[{"href":"https:\/\/primicias2262.com\/noticias\/wp-json\/wp\/v2\/types\/post"}],"author":[{"embeddable":true,"href":"https:\/\/primicias2262.com\/noticias\/wp-json\/wp\/v2\/users\/3"}],"replies":[{"embeddable":true,"href":"https:\/\/primicias2262.com\/noticias\/wp-json\/wp\/v2\/comments?post=117209"}],"version-history":[{"count":1,"href":"https:\/\/primicias2262.com\/noticias\/wp-json\/wp\/v2\/posts\/117209\/revisions"}],"predecessor-version":[{"id":117210,"href":"https:\/\/primicias2262.com\/noticias\/wp-json\/wp\/v2\/posts\/117209\/revisions\/117210"}],"wp:featuredmedia":[{"embeddable":true,"href":"https:\/\/primicias2262.com\/noticias\/wp-json\/wp\/v2\/media\/107457"}],"wp:attachment":[{"href":"https:\/\/primicias2262.com\/noticias\/wp-json\/wp\/v2\/media?parent=117209"}],"wp:term":[{"taxonomy":"category","embeddable":true,"href":"https:\/\/primicias2262.com\/noticias\/wp-json\/wp\/v2\/categories?post=117209"},{"taxonomy":"post_tag","embeddable":true,"href":"https:\/\/primicias2262.com\/noticias\/wp-json\/wp\/v2\/tags?post=117209"}],"curies":[{"name":"wp","href":"https:\/\/api.w.org\/{rel}","templated":true}]}}