{"id":117214,"date":"2025-11-06T17:07:57","date_gmt":"2025-11-06T17:07:57","guid":{"rendered":"https:\/\/primicias2262.com\/noticias\/?p=117214"},"modified":"2025-11-07T17:13:11","modified_gmt":"2025-11-07T17:13:11","slug":"mariano-gonzalez-analizo-la-dificil-situacion-del-comercio-local","status":"publish","type":"post","link":"https:\/\/primicias2262.com\/noticias\/mariano-gonzalez-analizo-la-dificil-situacion-del-comercio-local\/","title":{"rendered":"Mariano Gonz\u00e1lez analiz\u00f3 la dif\u00edcil situaci\u00f3n del comercio local"},"content":{"rendered":"<p><strong>El presidente de la C\u00e1mara Comercial de Necochea pidi\u00f3 medidas para reactivar la econom\u00eda minorista.<\/strong><\/p>\n<p>El presidente de la C\u00e1mara Comercial e Industrial de Necochea, Mariano Gonz\u00e1lez, analiz\u00f3 la actualidad del comercio local en di\u00e1logo con el periodista Jorge G\u00f3mez, en el programa Voces de la Ciudad que se emite por Estaci\u00f3n FREE 90.3 FM.<\/p>\n<p>El dirigente describi\u00f3 un panorama complejo para el sector, al se\u00f1alar que, \u201centrando al \u00faltimo bimestre del a\u00f1o, fue un a\u00f1o muy dif\u00edcil. Estamos esperando que se reactive la microeconom\u00eda, y hasta que no haya una l\u00ednea de cr\u00e9ditos considero que eso no va a pasar. Necesitamos que haya cr\u00e9ditos para que la gente pueda financiar sus obras y proyectos\u201d.<\/p>\n<p>En ese sentido, Gonz\u00e1lez remarc\u00f3 que \u201cestamos esperando que el cr\u00e9dito vuelva, que baje el costo del dinero. Con la construcci\u00f3n se mueve pr\u00e1cticamente todo el pa\u00eds, y si tengo una tasa baja en mi tarjeta puedo acceder a electrodom\u00e9sticos que necesito cambiar. Hoy, de contado o efectivo, es muy dif\u00edcil llegar a eso\u201d.<\/p>\n<p>El titular de la entidad expres\u00f3 adem\u00e1s que ser\u00eda necesario \u201cvolver a una estructura m\u00e1s razonable, donde los valores entre d\u00e9bito, efectivo y cr\u00e9dito en un pago sean similares. Todo ese costo operativo deber\u00eda bajar para que el comercio vuelva a tener movimiento\u201d.<\/p>\n<p>Respecto a las perspectivas econ\u00f3micas, el presidente de la C\u00e1mara indic\u00f3 que el sector est\u00e1 expectante ante una posible reforma impositiva, \u201cpara ver si se tocan algunos de estos temas y se empieza a generar un poco m\u00e1s de movimiento en el mostrador de los comerciantes\u201d.<\/p>\n<p>Sin embargo, fue claro en su diagn\u00f3stico: \u201cTodav\u00eda estamos muy quietos. Cay\u00f3 la venta, esa ca\u00edda rotunda del 30% no se volvi\u00f3 a recuperar y seguimos en baja interanual. A comparaci\u00f3n de noviembre pasado la ca\u00edda es de un 3%, que es mucho porque no hay crecimiento. Si las ventas interanuales est\u00e1n igual que el a\u00f1o pasado, con la inflaci\u00f3n eso implica que ca\u00edmos un 3%, y eso significa que el negocio se achica cada vez m\u00e1s\u201d.<\/p>\n<p>Finalmente, Gonz\u00e1lez sostuvo que esa contracci\u00f3n \u201cse nota en todo: en las compras, en el personal, en la inversi\u00f3n y en los utilitarios. Son muchas las cosas que el comercio hoy no puede afrontar\u201d.<\/p>\n","protected":false},"excerpt":{"rendered":"<p>El presidente de la C\u00e1mara Comercial de Necochea pidi\u00f3 medidas para reactivar la econom\u00eda minorista. El presidente de la C\u00e1mara Comercial e Industrial de Necochea, Mariano Gonz\u00e1lez, analiz\u00f3 la actualidad del comercio local en di\u00e1logo con el periodista Jorge G\u00f3mez, en el programa Voces de la Ciudad que se emite por Estaci\u00f3n FREE 90.3 FM. [&hellip;]<\/p>\n","protected":false},"author":3,"featured_media":117215,"comment_status":"open","ping_status":"open","sticky":false,"template":"","format":"standard","meta":{"footnotes":""},"categories":[3],"tags":[],"class_list":{"0":"post-117214","1":"post","2":"type-post","3":"status-publish","4":"format-standard","5":"has-post-thumbnail","7":"category-masnoticias"},"_links":{"self":[{"href":"https:\/\/primicias2262.com\/noticias\/wp-json\/wp\/v2\/posts\/117214","targetHints":{"allow":["GET"]}}],"collection":[{"href":"https:\/\/primicias2262.com\/noticias\/wp-json\/wp\/v2\/posts"}],"about":[{"href":"https:\/\/primicias2262.com\/noticias\/wp-json\/wp\/v2\/types\/post"}],"author":[{"embeddable":true,"href":"https:\/\/primicias2262.com\/noticias\/wp-json\/wp\/v2\/users\/3"}],"replies":[{"embeddable":true,"href":"https:\/\/primicias2262.com\/noticias\/wp-json\/wp\/v2\/comments?post=117214"}],"version-history":[{"count":1,"href":"https:\/\/primicias2262.com\/noticias\/wp-json\/wp\/v2\/posts\/117214\/revisions"}],"predecessor-version":[{"id":117220,"href":"https:\/\/primicias2262.com\/noticias\/wp-json\/wp\/v2\/posts\/117214\/revisions\/117220"}],"wp:featuredmedia":[{"embeddable":true,"href":"https:\/\/primicias2262.com\/noticias\/wp-json\/wp\/v2\/media\/117215"}],"wp:attachment":[{"href":"https:\/\/primicias2262.com\/noticias\/wp-json\/wp\/v2\/media?parent=117214"}],"wp:term":[{"taxonomy":"category","embeddable":true,"href":"https:\/\/primicias2262.com\/noticias\/wp-json\/wp\/v2\/categories?post=117214"},{"taxonomy":"post_tag","embeddable":true,"href":"https:\/\/primicias2262.com\/noticias\/wp-json\/wp\/v2\/tags?post=117214"}],"curies":[{"name":"wp","href":"https:\/\/api.w.org\/{rel}","templated":true}]}}