{"id":117224,"date":"2025-11-06T20:48:54","date_gmt":"2025-11-06T20:48:54","guid":{"rendered":"https:\/\/primicias2262.com\/noticias\/?p=117224"},"modified":"2025-11-06T20:48:54","modified_gmt":"2025-11-06T20:48:54","slug":"imagen-presidencial-milei-logro-revertir-la-tendencia-negativa-tras-ocho-meses-de-caida","status":"publish","type":"post","link":"https:\/\/primicias2262.com\/noticias\/imagen-presidencial-milei-logro-revertir-la-tendencia-negativa-tras-ocho-meses-de-caida\/","title":{"rendered":"Imagen presidencial: Milei logr\u00f3 revertir la tendencia negativa tras ocho meses de ca\u00edda"},"content":{"rendered":"<div class=\"article-body\" data-tadevel-template=\"web\/article-body\">\n<div class=\"article-body-content\">\n<p>El presidente\u00a0<strong>Javier Milei logr\u00f3 revertir durante octubre la tendencia a la baja en su imagen en redes sociales,<\/strong>\u00a0tras ocho meses consecutivos de negatividad.<\/p>\n<p>Con el impulso de la victoria electoral y el f\u00e9rreo respaldo que recibi\u00f3 de parte de los Estados Unidos,\u00a0<strong>el jefe de Estado lleg\u00f3 al 55% de positividad en su imagen digital.<\/strong><\/p>\n<p>El n\u00famero positivo lo consigui\u00f3 luego de ocho meses seguidos de ca\u00edda, algo que hab\u00eda comenzado en enero tras su discurso en\u00a0<strong>Davos<\/strong>\u00a0y se hab\u00eda profundizado en febrero tras el esc\u00e1ndalo con la<strong>\u00a0cripto $LIBRA.<\/strong><\/p>\n<p>Seg\u00fan un informe confeccionado por la<strong>\u00a0consultora Ad hoc<\/strong>,\u00a0<strong>el apoyo del presidente Donald Trump tuvo influencia en su positividad en redes,\u00a0 y \u00ab1 de cada 8 posteos mencionando a Milei fueron en un idioma distinto al espa\u00f1ol\u00bb.<\/strong><\/p>\n<h3>\u00bfQu\u00e9 pas\u00f3 con el peronismo?<\/h3>\n<p>La muestra tambi\u00e9n indic\u00f3 que luego de las elecciones del 26 de octubre, el gobernador de Buenos Aires,\u00a0<strong>Axel Kicillof, \u00ablleg\u00f3 al 66% de negatividad y con la agenda de temas definida por la oposici\u00f3n\u00bb.<\/strong><\/p>\n<p><strong>\u00abLas comunidades peronistas se corrieron del debate digital.\u00a0<\/strong>La conversaci\u00f3n en torno al gobernador de la provincia fue negativa antes y despu\u00e9s de las elecciones. No hubo disputa de la agenda propia ni ajena\u00bb, afirm\u00f3 el sondeo.<\/p>\n<p>En tanto, se analiz\u00f3 que \u00ab<strong>las 2 millones de menciones a los principales candidatos de Fuerza Patria no fueron suficientes para superar las menciones a candidatos libertarios en distritos clave como CABA, C\u00f3rdoba, Mendoza y Entre R\u00edos\u00bb.<\/strong><\/p>\n<p><strong>\u00abLas comunidades libertarias recuperaron este mes el control. Lograron colocar temas positivos de su inter\u00e9s en agenda y no tuvieron resistencia del otro lado.<\/strong>\u00a0La oposici\u00f3n se corri\u00f3 y no disput\u00f3 el territorio digital en torno a la imagen del presidente\u00bb, subray\u00f3 el informe de Ad Hoc.<\/p>\n<\/div>\n<\/div>\n","protected":false},"excerpt":{"rendered":"<p>El presidente\u00a0Javier Milei logr\u00f3 revertir durante octubre la tendencia a la baja en su imagen en redes sociales,\u00a0tras ocho meses consecutivos de negatividad. Con el impulso de la victoria electoral y el f\u00e9rreo respaldo que recibi\u00f3 de parte de los Estados Unidos,\u00a0el jefe de Estado lleg\u00f3 al 55% de positividad en su imagen digital. El [&hellip;]<\/p>\n","protected":false},"author":3,"featured_media":117225,"comment_status":"open","ping_status":"open","sticky":false,"template":"","format":"standard","meta":{"footnotes":""},"categories":[7],"tags":[],"class_list":{"0":"post-117224","1":"post","2":"type-post","3":"status-publish","4":"format-standard","5":"has-post-thumbnail","7":"category-nac"},"_links":{"self":[{"href":"https:\/\/primicias2262.com\/noticias\/wp-json\/wp\/v2\/posts\/117224","targetHints":{"allow":["GET"]}}],"collection":[{"href":"https:\/\/primicias2262.com\/noticias\/wp-json\/wp\/v2\/posts"}],"about":[{"href":"https:\/\/primicias2262.com\/noticias\/wp-json\/wp\/v2\/types\/post"}],"author":[{"embeddable":true,"href":"https:\/\/primicias2262.com\/noticias\/wp-json\/wp\/v2\/users\/3"}],"replies":[{"embeddable":true,"href":"https:\/\/primicias2262.com\/noticias\/wp-json\/wp\/v2\/comments?post=117224"}],"version-history":[{"count":1,"href":"https:\/\/primicias2262.com\/noticias\/wp-json\/wp\/v2\/posts\/117224\/revisions"}],"predecessor-version":[{"id":117226,"href":"https:\/\/primicias2262.com\/noticias\/wp-json\/wp\/v2\/posts\/117224\/revisions\/117226"}],"wp:featuredmedia":[{"embeddable":true,"href":"https:\/\/primicias2262.com\/noticias\/wp-json\/wp\/v2\/media\/117225"}],"wp:attachment":[{"href":"https:\/\/primicias2262.com\/noticias\/wp-json\/wp\/v2\/media?parent=117224"}],"wp:term":[{"taxonomy":"category","embeddable":true,"href":"https:\/\/primicias2262.com\/noticias\/wp-json\/wp\/v2\/categories?post=117224"},{"taxonomy":"post_tag","embeddable":true,"href":"https:\/\/primicias2262.com\/noticias\/wp-json\/wp\/v2\/tags?post=117224"}],"curies":[{"name":"wp","href":"https:\/\/api.w.org\/{rel}","templated":true}]}}