{"id":117227,"date":"2025-11-06T20:51:34","date_gmt":"2025-11-06T20:51:34","guid":{"rendered":"https:\/\/primicias2262.com\/noticias\/?p=117227"},"modified":"2025-11-06T20:51:34","modified_gmt":"2025-11-06T20:51:34","slug":"el-41-de-los-argentinos-siente-que-vive-peor-que-sus-padres-y-el-63-ya-resigno-consumos","status":"publish","type":"post","link":"https:\/\/primicias2262.com\/noticias\/el-41-de-los-argentinos-siente-que-vive-peor-que-sus-padres-y-el-63-ya-resigno-consumos\/","title":{"rendered":"El 41% de los argentinos siente que vive peor que sus padres y el 63% ya resign\u00f3 consumos"},"content":{"rendered":"<div class=\"article-body\" data-tadevel-template=\"web\/article-body\">\n<div class=\"article-body-content\">\n<p>En la actualidad son\u00a0<mark>cada vez m\u00e1s los argentinos que sienten que tienen un peor pasar econ\u00f3mico que sus padres (41%)<\/mark>, que los que creen que es igual (27%) o mejor (27%).<\/p>\n<p>Seg\u00fan supo\u00a0<strong>Noticias Argentinas<\/strong>, los datos surgen de un informe elaborado por el centro de estudio\u00a0<strong>Pensar Lab.<\/strong><\/p>\n<p>Hoy,\u00a0<mark>los argentinos sienten que la clase media est\u00e1 en retroceso<\/mark>, el 55% cree se est\u00e1 achicando, s\u00f3lo dos de cada diez que est\u00e1creciendo y otros dos que se mantiene igual.<\/p>\n<p>Adem\u00e1s,\u00a0<mark>dos de cada tres argentinos se perciben en el \u00faltimo escal\u00f3n de la clase media<\/mark>, o que ya han ca\u00eddo de ella: el 34% dice pertenecer a la clasemedia baja y otro 34% a la clase baja alta.<\/p>\n<p>Para la clase media,\u00a0<mark>lo \u00faltimo que se resignar\u00eda es la prepaga (28%).<\/mark><\/p>\n<p>La condici\u00f3n de clase media oficia, de ese modo, como una especie de seguro que brinda la\u00a0<mark>m\u00ednima tranquilidad necesaria<\/mark>\u00a0para convocarse a s\u00ed mismos desde el futuro y no desde el pasado, sostiene el trabajo.<\/p>\n<p><i>\u201cLo que en definitiva compra la clase media, envuelta en disfraces, con fisonom\u00edas m\u00faltiples, en forma de objetos o servicios, ataviados con marcas, narrativas, esl\u00f3ganes e im\u00e1genes, es, en el fondo, una sola cosa: seguridad\u201d<\/i>, se\u00f1ala el trabajo.<\/p>\n<p><mark>La clase media es, entonces, tanto para la pol\u00edtica como para las marcas, demandante, cr\u00edtica, aguda y poco paciente.\u00a0<\/mark><\/p>\n<p>Le gusta tener una calidad de vida \u201crazonable\u201d o \u201cvivir bien\u201d, ambas concepciones subjetivas y relativas, pero determinantes para su estado de \u00e1nimo y su proceso decisorio.<\/p>\n<p>Con esa l\u00f3gica, premia con su apoyo y adhesi\u00f3n a quienes interpreta que piensan en ella y le solucionan problemas, le brindan placeres o le otorgan seguridades.<\/p>\n<p>Sufre y se fastidia con quien sea cuando la ecuaci\u00f3n entre \u201clo que quiere y lo<br \/>\nque puede\u201d o entre \u201clo que paga y lo que recibe\u201d se desbalancea demasiado, explica el estudio.<\/p>\n<\/div>\n<\/div>\n","protected":false},"excerpt":{"rendered":"<p>En la actualidad son\u00a0cada vez m\u00e1s los argentinos que sienten que tienen un peor pasar econ\u00f3mico que sus padres (41%), que los que creen que es igual (27%) o mejor (27%). Seg\u00fan supo\u00a0Noticias Argentinas, los datos surgen de un informe elaborado por el centro de estudio\u00a0Pensar Lab. Hoy,\u00a0los argentinos sienten que la clase media est\u00e1 [&hellip;]<\/p>\n","protected":false},"author":3,"featured_media":117228,"comment_status":"open","ping_status":"open","sticky":false,"template":"","format":"standard","meta":{"footnotes":""},"categories":[7],"tags":[],"class_list":{"0":"post-117227","1":"post","2":"type-post","3":"status-publish","4":"format-standard","5":"has-post-thumbnail","7":"category-nac"},"_links":{"self":[{"href":"https:\/\/primicias2262.com\/noticias\/wp-json\/wp\/v2\/posts\/117227","targetHints":{"allow":["GET"]}}],"collection":[{"href":"https:\/\/primicias2262.com\/noticias\/wp-json\/wp\/v2\/posts"}],"about":[{"href":"https:\/\/primicias2262.com\/noticias\/wp-json\/wp\/v2\/types\/post"}],"author":[{"embeddable":true,"href":"https:\/\/primicias2262.com\/noticias\/wp-json\/wp\/v2\/users\/3"}],"replies":[{"embeddable":true,"href":"https:\/\/primicias2262.com\/noticias\/wp-json\/wp\/v2\/comments?post=117227"}],"version-history":[{"count":1,"href":"https:\/\/primicias2262.com\/noticias\/wp-json\/wp\/v2\/posts\/117227\/revisions"}],"predecessor-version":[{"id":117229,"href":"https:\/\/primicias2262.com\/noticias\/wp-json\/wp\/v2\/posts\/117227\/revisions\/117229"}],"wp:featuredmedia":[{"embeddable":true,"href":"https:\/\/primicias2262.com\/noticias\/wp-json\/wp\/v2\/media\/117228"}],"wp:attachment":[{"href":"https:\/\/primicias2262.com\/noticias\/wp-json\/wp\/v2\/media?parent=117227"}],"wp:term":[{"taxonomy":"category","embeddable":true,"href":"https:\/\/primicias2262.com\/noticias\/wp-json\/wp\/v2\/categories?post=117227"},{"taxonomy":"post_tag","embeddable":true,"href":"https:\/\/primicias2262.com\/noticias\/wp-json\/wp\/v2\/tags?post=117227"}],"curies":[{"name":"wp","href":"https:\/\/api.w.org\/{rel}","templated":true}]}}