{"id":117235,"date":"2025-11-07T17:10:46","date_gmt":"2025-11-07T17:10:46","guid":{"rendered":"https:\/\/primicias2262.com\/noticias\/?p=117235"},"modified":"2025-11-07T17:10:46","modified_gmt":"2025-11-07T17:10:46","slug":"perestiuk-destaco-la-importancia-de-las-residencias-medicas-para-fortalecer-el-sistema-de-salud-publica-local","status":"publish","type":"post","link":"https:\/\/primicias2262.com\/noticias\/perestiuk-destaco-la-importancia-de-las-residencias-medicas-para-fortalecer-el-sistema-de-salud-publica-local\/","title":{"rendered":"Perestiuk destac\u00f3 la importancia de las residencias m\u00e9dicas para fortalecer el sistema de salud p\u00fablica local"},"content":{"rendered":"<p><strong>La secretaria de Salud del municipio, Andrea Perestiuk, brind\u00f3 detalles sobre el funcionamiento y la importancia de las residencias m\u00e9dicas que se desarrollan en el sistema de salud local, en di\u00e1logo con el periodista Jorge G\u00f3mez en el programa Voces de la Ciudad, que se emite por Estaci\u00f3n FREE (FM 90.3).<\/strong><\/p>\n<p>Perestiuk destac\u00f3 que actualmente en Necochea \u201ctenemos vigentes las residencias de Medicina General, Pediatr\u00eda, Terapia Intensiva y Cirug\u00eda, y en cada una de ellas ya contamos con residentes de primer a\u00f1o, lo cual es muy importante. En Medicina General, por ejemplo, tenemos dos residentes de primer a\u00f1o y una que pas\u00f3 a tercero\u201d.<\/p>\n<p>La funcionaria subray\u00f3 que este proceso formativo es clave para enfrentar uno de los mayores desaf\u00edos del sistema: la falta de profesionales. \u201cEsto es muy importante, sobre todo cuando hablamos del d\u00e9ficit de recurso humano en el sistema de salud. Tener personal formado y especializado, que es muy necesario tanto para Necochea como para toda la provincia, es muy bueno, principalmente en un \u00e1rea como Pediatr\u00eda, donde contamos con dos residentes\u201d, se\u00f1al\u00f3.<\/p>\n<p>Asimismo, destac\u00f3 que las residencias constituyen un proceso de formaci\u00f3n de largo plazo, pero con resultados sostenibles: \u201cM\u00e1s all\u00e1 de que es un proceso y que las residencias son de cuatro a\u00f1os, es algo tremendamente alentador. Esto lleva un tiempo de capacitaci\u00f3n, pero esperamos que muchos de esos profesionales elijan luego quedarse en nuestra ciudad\u201d.<\/p>\n<p>Perestiuk explic\u00f3 que el sistema municipal acompa\u00f1a este esquema formativo dentro del marco legal correspondiente: \u201cNosotros estamos en el marco de lo que es la Ley de Carrera Profesional Hospitalaria, por ende garantizamos la continuidad de la residencia, al igual que la Provincia, con un cargo de planta permanente para aquellos residentes que terminen su tramo de cuatro a\u00f1os\u201d.<\/p>\n<p>La secretaria record\u00f3 adem\u00e1s que la actual gesti\u00f3n municipal, encabezada por Arturo Rojas, logr\u00f3 recuperar una residencia que hac\u00eda casi dos d\u00e9cadas no se desarrollaba en Necochea. \u201cDesde que arranc\u00f3 esta gesti\u00f3n logramos volver a contar con la residencia de Medicina General, que hac\u00eda casi 20 a\u00f1os que no ten\u00edamos, y con un perfil diferente, porque hoy se desarrolla en gran parte en los Centros de Atenci\u00f3n Primaria (CAPS), con rotaciones seg\u00fan la escala de formaci\u00f3n en las especialidades b\u00e1sicas que cubre la medicina general\u201d, explic\u00f3.<\/p>\n<p>Respecto al funcionamiento del sistema de salud local, Perestiuk remarc\u00f3 su amplitud y la necesidad de mantenerlo operativo de manera constante: \u201cLa estructura del sistema de salud de Necochea es muy amplia y no puede dejar de funcionar. M\u00e1s all\u00e1 de que alg\u00fan CAPS pueda cerrar temporalmente, las Unidades Sanitarias y los hospitales tienen que seguir trabajando. Es una cobertura 24, 7, 365\u201d.<\/p>\n<p>Finalmente, en relaci\u00f3n a los recursos y la atenci\u00f3n, afirm\u00f3 que \u201cen cuanto a insumos y medicamentos estamos muy bien\u201d, aunque reconoci\u00f3 que las guardias atraviesan momentos de alta demanda. \u201cLa Guardia debe funcionar los 365 d\u00edas; lo ideal es hacerlo con tres profesionales, aunque a veces llegamos con dos, lo cual genera demoras. Por eso insistimos en que los casos que no sean de gravedad se atiendan en el primer nivel, en los CAPS, porque el recurso es finito y la demanda, muy alta\u201d, concluy\u00f3.<\/p>\n","protected":false},"excerpt":{"rendered":"<p>La secretaria de Salud del municipio, Andrea Perestiuk, brind\u00f3 detalles sobre el funcionamiento y la importancia de las residencias m\u00e9dicas que se desarrollan en el sistema de salud local, en di\u00e1logo con el periodista Jorge G\u00f3mez en el programa Voces de la Ciudad, que se emite por Estaci\u00f3n FREE (FM 90.3). Perestiuk destac\u00f3 que actualmente [&hellip;]<\/p>\n","protected":false},"author":3,"featured_media":109425,"comment_status":"open","ping_status":"open","sticky":false,"template":"","format":"standard","meta":{"footnotes":""},"categories":[5],"tags":[],"class_list":{"0":"post-117235","1":"post","2":"type-post","3":"status-publish","4":"format-standard","5":"has-post-thumbnail","7":"category-neco"},"_links":{"self":[{"href":"https:\/\/primicias2262.com\/noticias\/wp-json\/wp\/v2\/posts\/117235","targetHints":{"allow":["GET"]}}],"collection":[{"href":"https:\/\/primicias2262.com\/noticias\/wp-json\/wp\/v2\/posts"}],"about":[{"href":"https:\/\/primicias2262.com\/noticias\/wp-json\/wp\/v2\/types\/post"}],"author":[{"embeddable":true,"href":"https:\/\/primicias2262.com\/noticias\/wp-json\/wp\/v2\/users\/3"}],"replies":[{"embeddable":true,"href":"https:\/\/primicias2262.com\/noticias\/wp-json\/wp\/v2\/comments?post=117235"}],"version-history":[{"count":1,"href":"https:\/\/primicias2262.com\/noticias\/wp-json\/wp\/v2\/posts\/117235\/revisions"}],"predecessor-version":[{"id":117238,"href":"https:\/\/primicias2262.com\/noticias\/wp-json\/wp\/v2\/posts\/117235\/revisions\/117238"}],"wp:featuredmedia":[{"embeddable":true,"href":"https:\/\/primicias2262.com\/noticias\/wp-json\/wp\/v2\/media\/109425"}],"wp:attachment":[{"href":"https:\/\/primicias2262.com\/noticias\/wp-json\/wp\/v2\/media?parent=117235"}],"wp:term":[{"taxonomy":"category","embeddable":true,"href":"https:\/\/primicias2262.com\/noticias\/wp-json\/wp\/v2\/categories?post=117235"},{"taxonomy":"post_tag","embeddable":true,"href":"https:\/\/primicias2262.com\/noticias\/wp-json\/wp\/v2\/tags?post=117235"}],"curies":[{"name":"wp","href":"https:\/\/api.w.org\/{rel}","templated":true}]}}