{"id":117236,"date":"2025-11-07T15:07:07","date_gmt":"2025-11-07T15:07:07","guid":{"rendered":"https:\/\/primicias2262.com\/noticias\/?p=117236"},"modified":"2025-11-07T19:45:20","modified_gmt":"2025-11-07T19:45:20","slug":"el-ecos-alcanzo-las-35-mil-ediciones-es-un-orgullo-poder-sostener-y-llevar-para-adelante-el-diario-de-la-ciudad","status":"publish","type":"post","link":"https:\/\/primicias2262.com\/noticias\/el-ecos-alcanzo-las-35-mil-ediciones-es-un-orgullo-poder-sostener-y-llevar-para-adelante-el-diario-de-la-ciudad\/","title":{"rendered":"El Ecos alcanz\u00f3 las 35 mil ediciones: \u201cEs un orgullo poder sostener y llevar para adelante el diario de la ciudad\u201d"},"content":{"rendered":"<p><strong>El tradicional diario Ecos Diarios de Necochea lleg\u00f3 a las 35 mil ediciones desde su creaci\u00f3n el 9 de junio de 1921, consolid\u00e1ndose como uno de los pocos medios gr\u00e1ficos de la provincia de Buenos Aires que mantiene su publicaci\u00f3n diaria en papel.<\/strong><\/p>\n<p>El director del medio, Gonzalo Irazoqui, dialog\u00f3 con el periodista Jorge G\u00f3mez en el programa Voces de la Ciudad, que se emite por Estaci\u00f3n FREE (FM 90.3), y destac\u00f3 el valor hist\u00f3rico y simb\u00f3lico del peri\u00f3dico para toda la comunidad. \u201cEl diario representa a toda la ciudad, a la comunidad y a la regi\u00f3n, al pasado y al presente. Todo lo que sucedi\u00f3 est\u00e1 en el archivo, fue tratado y redactado por el Ecos Diarios. Si hablamos de una marca e identidad de Necochea, hablamos del Ecos Diarios, no importa de qui\u00e9n sea\u201d, expres\u00f3.<\/p>\n<p>Con orgullo por el logro alcanzado, Irazoqui subray\u00f3 la importancia de sostener la edici\u00f3n impresa en tiempos de grandes transformaciones en los medios de comunicaci\u00f3n. \u201cCelebramos el hecho de llegar a las 35 mil ma\u00f1anas. Hoy, en la provincia de Buenos Aires, son solo seis los diarios que salen todos los d\u00edas en papel, y el Ecos es uno de ellos\u201d, se\u00f1al\u00f3, destacando el trabajo del equipo que mantiene viva la publicaci\u00f3n.<\/p>\n<p>En ese sentido, afirm\u00f3 que desde su gesti\u00f3n el objetivo fue \u201creflotarlo, que siga en pie, alimentarlo y cruzar todas las barreras que hab\u00eda\u201d, y valor\u00f3 el compromiso de quienes hacen posible el diario d\u00eda a d\u00eda: \u201cDetr\u00e1s de esto hay mucha gente con mucho compromiso, y est\u00e1 a la vista que el diario est\u00e1 m\u00e1s vivo que nunca. No solamente es el diario en papel, sino toda la digitalizaci\u00f3n que se ha hecho\u201d.<\/p>\n<p>Finalmente, el director sostuvo que \u201ces un orgullo poder sostener y llevar para adelante el diario de la ciudad, que no es de un directorio sino de todos\u201d, reforzando el sentido de pertenencia que genera el medio en la comunidad.<\/p>\n<p>Con 104 a\u00f1os de historia y 35 mil ediciones publicadas, Ecos Diarios contin\u00faa siendo una referencia informativa, cultural y social para Necochea y la regi\u00f3n, reafirmando su papel como testigo y protagonista del devenir local.<\/p>\n","protected":false},"excerpt":{"rendered":"<p>El tradicional diario Ecos Diarios de Necochea lleg\u00f3 a las 35 mil ediciones desde su creaci\u00f3n el 9 de junio de 1921, consolid\u00e1ndose como uno de los pocos medios gr\u00e1ficos de la provincia de Buenos Aires que mantiene su publicaci\u00f3n diaria en papel. El director del medio, Gonzalo Irazoqui, dialog\u00f3 con el periodista Jorge G\u00f3mez [&hellip;]<\/p>\n","protected":false},"author":3,"featured_media":117242,"comment_status":"open","ping_status":"open","sticky":false,"template":"","format":"standard","meta":{"footnotes":""},"categories":[5],"tags":[],"class_list":{"0":"post-117236","1":"post","2":"type-post","3":"status-publish","4":"format-standard","5":"has-post-thumbnail","7":"category-neco"},"_links":{"self":[{"href":"https:\/\/primicias2262.com\/noticias\/wp-json\/wp\/v2\/posts\/117236","targetHints":{"allow":["GET"]}}],"collection":[{"href":"https:\/\/primicias2262.com\/noticias\/wp-json\/wp\/v2\/posts"}],"about":[{"href":"https:\/\/primicias2262.com\/noticias\/wp-json\/wp\/v2\/types\/post"}],"author":[{"embeddable":true,"href":"https:\/\/primicias2262.com\/noticias\/wp-json\/wp\/v2\/users\/3"}],"replies":[{"embeddable":true,"href":"https:\/\/primicias2262.com\/noticias\/wp-json\/wp\/v2\/comments?post=117236"}],"version-history":[{"count":2,"href":"https:\/\/primicias2262.com\/noticias\/wp-json\/wp\/v2\/posts\/117236\/revisions"}],"predecessor-version":[{"id":117243,"href":"https:\/\/primicias2262.com\/noticias\/wp-json\/wp\/v2\/posts\/117236\/revisions\/117243"}],"wp:featuredmedia":[{"embeddable":true,"href":"https:\/\/primicias2262.com\/noticias\/wp-json\/wp\/v2\/media\/117242"}],"wp:attachment":[{"href":"https:\/\/primicias2262.com\/noticias\/wp-json\/wp\/v2\/media?parent=117236"}],"wp:term":[{"taxonomy":"category","embeddable":true,"href":"https:\/\/primicias2262.com\/noticias\/wp-json\/wp\/v2\/categories?post=117236"},{"taxonomy":"post_tag","embeddable":true,"href":"https:\/\/primicias2262.com\/noticias\/wp-json\/wp\/v2\/tags?post=117236"}],"curies":[{"name":"wp","href":"https:\/\/api.w.org\/{rel}","templated":true}]}}