{"id":117237,"date":"2025-11-07T17:11:32","date_gmt":"2025-11-07T17:11:32","guid":{"rendered":"https:\/\/primicias2262.com\/noticias\/?p=117237"},"modified":"2025-11-07T17:11:32","modified_gmt":"2025-11-07T17:11:32","slug":"estamos-viviendo-una-revolucion-en-paz-y-un-cambio-de-sistema-que-es-doloroso-pero-necesario","status":"publish","type":"post","link":"https:\/\/primicias2262.com\/noticias\/estamos-viviendo-una-revolucion-en-paz-y-un-cambio-de-sistema-que-es-doloroso-pero-necesario\/","title":{"rendered":"\u201cEstamos viviendo una revoluci\u00f3n en paz y un cambio de sistema que es doloroso, pero necesario\u201d"},"content":{"rendered":"<p><strong>El economista local Gabriel V\u00e1zquez comparti\u00f3 su an\u00e1lisis sobre la situaci\u00f3n econ\u00f3mica y pol\u00edtica del pa\u00eds tras las elecciones de septiembre y octubre, en di\u00e1logo con el periodista Jorge G\u00f3mez en el programa Voces de la Ciudad, que se emite por Estaci\u00f3n FREE (FM 90.3).<\/strong><\/p>\n<p>Al reflexionar sobre los resultados de los comicios, V\u00e1zquez sostuvo que \u201cimaginemos lo que ser\u00eda el d\u00eda siguiente a la elecci\u00f3n con un triunfo arrasador de Fuerza Patria\u2026 imaginemos c\u00f3mo estar\u00edan las tasas de inter\u00e9s o el valor del d\u00f3lar. Claramente, lo que la gente eligi\u00f3, a pesar de la crisis econ\u00f3mica fastuosa y de tener variables en niveles ins\u00f3litos, fue que La Libertad Avanza gane\u201d.<\/p>\n<p>En esa l\u00ednea, consider\u00f3 que el voto mayoritario expres\u00f3 un deseo colectivo de transformaci\u00f3n: \u201cLo cierto es que La Libertad Avanza gana porque estamos viviendo una revoluci\u00f3n en paz. Todos y cada uno de los habitantes, independientemente de la situaci\u00f3n de cada uno, entendemos que Argentina tiene que cambiar\u201d, afirm\u00f3.<\/p>\n<p>No obstante, advirti\u00f3 que el pa\u00eds atraviesa \u201clos dolores del proceso del cambio\u201d, recordando que \u201chace menos de dos a\u00f1os est\u00e1bamos a un nivel de inflaci\u00f3n terrible\u201d y que \u201cse dej\u00f3 una deuda corriente de 52 mil millones de d\u00f3lares, de empresas, laboratorios y terminales que hab\u00edan tomado cr\u00e9ditos afuera y no pod\u00edan pagar\u201d.<\/p>\n<p>V\u00e1zquez se\u00f1al\u00f3 que el modelo econ\u00f3mico anterior \u201cya no daba para m\u00e1s\u201d y que el actual gobierno intenta \u201cconstruir un nuevo sistema, que es muy doloroso, pero necesario\u201d.<\/p>\n<p>En su an\u00e1lisis, ampli\u00f3 la mirada hacia el contexto internacional, marcando una divisi\u00f3n global entre Oriente y Occidente: \u201cEl mundo se est\u00e1 transformando y dividiendo en dos grandes grupos. Lo que Milei entiende es que el formato de vida que queremos es el occidental, el que est\u00e1 consagrado en nuestra Constituci\u00f3n, basada en la norteamericana, con garant\u00edas individuales\u201d.<\/p>\n<p>Como contracara, advirti\u00f3 sobre el riesgo de copiar modelos orientales: \u201cSi aplicamos el sistema chino ac\u00e1, nos morimos todos. Lo peor que nos puede pasar es aplicar un modelo de falta de libertades. Nosotros defendemos los derechos individuales, mientras que en China los derechos son colectivos, y hacen con tu vida lo que el pa\u00eds necesita\u201d.<\/p>\n<p>Finalmente, el economista destac\u00f3 la relevancia estrat\u00e9gica que adquiere la Argentina en este nuevo mapa global: \u201cMuchas de las cosas que hacen falta para desarrollar el formato de vida occidental est\u00e1n del otro lado, en Oriente: los recursos minerales, la energ\u00eda. Afortunadamente, despu\u00e9s de 100 a\u00f1os, a Argentina le toca estar en el juego como proveedor importante\u201d.<\/p>\n<p>En ese sentido, V\u00e1zquez consider\u00f3 que el apoyo financiero reciente de Estados Unidos responde a este contexto geopol\u00edtico: \u201cLo dijeron claramente: iban a poner toda la plata necesaria para que esto no pare, y lo hicieron. En una semana pusieron 2.500 millones de d\u00f3lares. No lo hicieron por Milei, sino por la posici\u00f3n estrat\u00e9gica que hoy puede tener Argentina. Y eso, para nosotros, es la mejor noticia que hemos tenido en much\u00edsimo tiempo\u201d.<\/p>\n","protected":false},"excerpt":{"rendered":"<p>El economista local Gabriel V\u00e1zquez comparti\u00f3 su an\u00e1lisis sobre la situaci\u00f3n econ\u00f3mica y pol\u00edtica del pa\u00eds tras las elecciones de septiembre y octubre, en di\u00e1logo con el periodista Jorge G\u00f3mez en el programa Voces de la Ciudad, que se emite por Estaci\u00f3n FREE (FM 90.3). Al reflexionar sobre los resultados de los comicios, V\u00e1zquez sostuvo [&hellip;]<\/p>\n","protected":false},"author":3,"featured_media":109781,"comment_status":"open","ping_status":"open","sticky":false,"template":"","format":"standard","meta":{"footnotes":""},"categories":[6],"tags":[],"class_list":{"0":"post-117237","1":"post","2":"type-post","3":"status-publish","4":"format-standard","5":"has-post-thumbnail","7":"category-portada2"},"_links":{"self":[{"href":"https:\/\/primicias2262.com\/noticias\/wp-json\/wp\/v2\/posts\/117237","targetHints":{"allow":["GET"]}}],"collection":[{"href":"https:\/\/primicias2262.com\/noticias\/wp-json\/wp\/v2\/posts"}],"about":[{"href":"https:\/\/primicias2262.com\/noticias\/wp-json\/wp\/v2\/types\/post"}],"author":[{"embeddable":true,"href":"https:\/\/primicias2262.com\/noticias\/wp-json\/wp\/v2\/users\/3"}],"replies":[{"embeddable":true,"href":"https:\/\/primicias2262.com\/noticias\/wp-json\/wp\/v2\/comments?post=117237"}],"version-history":[{"count":1,"href":"https:\/\/primicias2262.com\/noticias\/wp-json\/wp\/v2\/posts\/117237\/revisions"}],"predecessor-version":[{"id":117240,"href":"https:\/\/primicias2262.com\/noticias\/wp-json\/wp\/v2\/posts\/117237\/revisions\/117240"}],"wp:featuredmedia":[{"embeddable":true,"href":"https:\/\/primicias2262.com\/noticias\/wp-json\/wp\/v2\/media\/109781"}],"wp:attachment":[{"href":"https:\/\/primicias2262.com\/noticias\/wp-json\/wp\/v2\/media?parent=117237"}],"wp:term":[{"taxonomy":"category","embeddable":true,"href":"https:\/\/primicias2262.com\/noticias\/wp-json\/wp\/v2\/categories?post=117237"},{"taxonomy":"post_tag","embeddable":true,"href":"https:\/\/primicias2262.com\/noticias\/wp-json\/wp\/v2\/tags?post=117237"}],"curies":[{"name":"wp","href":"https:\/\/api.w.org\/{rel}","templated":true}]}}