{"id":117247,"date":"2025-11-07T21:34:29","date_gmt":"2025-11-07T21:34:29","guid":{"rendered":"https:\/\/primicias2262.com\/noticias\/?p=117247"},"modified":"2025-11-07T21:34:29","modified_gmt":"2025-11-07T21:34:29","slug":"anses-notifico-a-cristina-kirchner-para-que-devuelva-el-dinero-que-percibio-por-su-jubilacion-y-su-pension","status":"publish","type":"post","link":"https:\/\/primicias2262.com\/noticias\/anses-notifico-a-cristina-kirchner-para-que-devuelva-el-dinero-que-percibio-por-su-jubilacion-y-su-pension\/","title":{"rendered":"ANSES notific\u00f3 a Cristina Kirchner para que devuelva el dinero que percibi\u00f3 por su jubilaci\u00f3n y su pensi\u00f3n"},"content":{"rendered":"<div class=\"article-body\" data-tadevel-template=\"web\/article-body\">\n<div class=\"article-body-content\">\n<p><strong>El Ministerio de Capital Humano, a trav\u00e9s de la ANSES, avanz\u00f3 hoy por la v\u00eda administrativa y notific\u00f3 a la ex presidenta Cristina Kirchner de qu<\/strong>e, debido a su condena por la causa Vialidad<strong>, deber\u00e1 regresar el dinero que percibi\u00f3 por la v\u00eda de su jubilaci\u00f3n y la de su pensi\u00f3n por viudez,<\/strong>\u00a0suma que se calcula en torno a los 1.000 millones de pesos.<\/p>\n<p>\u00abSe ha dado formal inicio a la implementaci\u00f3n del efectivo recupero de las sumas percibidas indebidamente por la ciudadana Cristina Fern\u00e1ndez de Kirchner, correspondientes a las asignaciones vitalicias (jubilaci\u00f3n y pensi\u00f3n) oportunamente otorgadas, con sus respectivos intereses\u00bb, sostuvo un comunicado de la cartera liderada por Sandra Pettovello.<\/p>\n<p><strong>Fuentes del ministerio le dijeron a la Agencia Noticias Argentinas que \u00abla decisi\u00f3n de la ANSES fue la de no avanzar por la v\u00eda judicial sino por la administrativa\u00a0<\/strong>y en ese marco se la notific\u00f3 a la ex presidenta que por su situaci\u00f3n judicial tiene que devolver esos ingresos\u00bb.<\/p>\n<p>\u00abLa ANSES ya notific\u00f3 a Cristina Kirchner y ella deber\u00eda apersonarse en ANSES para resolver la situaci\u00f3n. Por razones de p\u00fablico conocimiento (en referencia a que est\u00e1 cumpliendo prisi\u00f3n domiciliara en su vivienda del barrio de Constituci\u00f3n) deber\u00e1 mandar a su apoderado o abogado y har\u00e1 lo que considere necesario\u00bb,\u00a0 se\u00f1alaron los mismos voceros.<\/p>\n<p>Sobre esto \u00faltimo,\u00a0<strong>en el Gobierno dan por descontado que la actual presidenta del Partido Justicialista (PJ) \u00abjudicializar\u00e1 el tema y seguramente presentar\u00e1 un amparo sobre la cautelar\u00bb.<\/strong><\/p>\n<p>La Casa Rosada avanz\u00f3 de esta forma luego de que la Justicia rechazara el mi\u00e9rcoles una medida cautelar presentada por la ex presidenta para que se le restableciera el beneficio de la asignaci\u00f3n mensual vitalicia\u00a0que percib\u00eda como viuda del fallecido ex mandatario\u00a0N\u00e9stor Kirchner.<\/p>\n<p>La ex mandataria ven\u00eda resistiendo la nulidad de las resoluciones que dieron de baja tanto su pensi\u00f3n como la que le correspond\u00eda por su propio mandato presidencial.<\/p>\n<p>La p\u00e9rdida de los dos ingresos extraordinarios se produjo en noviembre de 2024 cuando la C\u00e1mara de Casaci\u00f3n Penal confirm\u00f3 su condena por administraci\u00f3n fraudulenta del Estado en el marco de la\u00a0causa Vialidad.<\/p>\n<\/div>\n<\/div>\n","protected":false},"excerpt":{"rendered":"<p>El Ministerio de Capital Humano, a trav\u00e9s de la ANSES, avanz\u00f3 hoy por la v\u00eda administrativa y notific\u00f3 a la ex presidenta Cristina Kirchner de que, debido a su condena por la causa Vialidad, deber\u00e1 regresar el dinero que percibi\u00f3 por la v\u00eda de su jubilaci\u00f3n y la de su pensi\u00f3n por viudez,\u00a0suma que se [&hellip;]<\/p>\n","protected":false},"author":3,"featured_media":114672,"comment_status":"open","ping_status":"open","sticky":false,"template":"","format":"standard","meta":{"footnotes":""},"categories":[7],"tags":[],"class_list":{"0":"post-117247","1":"post","2":"type-post","3":"status-publish","4":"format-standard","5":"has-post-thumbnail","7":"category-nac"},"_links":{"self":[{"href":"https:\/\/primicias2262.com\/noticias\/wp-json\/wp\/v2\/posts\/117247","targetHints":{"allow":["GET"]}}],"collection":[{"href":"https:\/\/primicias2262.com\/noticias\/wp-json\/wp\/v2\/posts"}],"about":[{"href":"https:\/\/primicias2262.com\/noticias\/wp-json\/wp\/v2\/types\/post"}],"author":[{"embeddable":true,"href":"https:\/\/primicias2262.com\/noticias\/wp-json\/wp\/v2\/users\/3"}],"replies":[{"embeddable":true,"href":"https:\/\/primicias2262.com\/noticias\/wp-json\/wp\/v2\/comments?post=117247"}],"version-history":[{"count":1,"href":"https:\/\/primicias2262.com\/noticias\/wp-json\/wp\/v2\/posts\/117247\/revisions"}],"predecessor-version":[{"id":117248,"href":"https:\/\/primicias2262.com\/noticias\/wp-json\/wp\/v2\/posts\/117247\/revisions\/117248"}],"wp:featuredmedia":[{"embeddable":true,"href":"https:\/\/primicias2262.com\/noticias\/wp-json\/wp\/v2\/media\/114672"}],"wp:attachment":[{"href":"https:\/\/primicias2262.com\/noticias\/wp-json\/wp\/v2\/media?parent=117247"}],"wp:term":[{"taxonomy":"category","embeddable":true,"href":"https:\/\/primicias2262.com\/noticias\/wp-json\/wp\/v2\/categories?post=117247"},{"taxonomy":"post_tag","embeddable":true,"href":"https:\/\/primicias2262.com\/noticias\/wp-json\/wp\/v2\/tags?post=117247"}],"curies":[{"name":"wp","href":"https:\/\/api.w.org\/{rel}","templated":true}]}}