{"id":117284,"date":"2025-11-11T20:40:15","date_gmt":"2025-11-11T20:40:15","guid":{"rendered":"https:\/\/primicias2262.com\/noticias\/?p=117284"},"modified":"2025-11-11T20:40:15","modified_gmt":"2025-11-11T20:40:15","slug":"ordenan-la-detencion-de-de-vido-por-la-tregedia-de-once-y-tiene-que-presentarse-el-jueves","status":"publish","type":"post","link":"https:\/\/primicias2262.com\/noticias\/ordenan-la-detencion-de-de-vido-por-la-tregedia-de-once-y-tiene-que-presentarse-el-jueves\/","title":{"rendered":"Ordenan la detenci\u00f3n de De Vido por la Tregedia de Once y tiene que presentarse el jueves"},"content":{"rendered":"<p>El Tribunal Oral Federal N\u00ba 4 solicit\u00f3 este martes que el ex ministro de Planificaci\u00f3n Federal\u00a0<strong>Julio De Vido\u00a0<\/strong>se presente el jueves pr\u00f3ximo a las 10 para que se haga efectiva su detenci\u00f3n tras\u00a0confirmarse la condena por la Corte Suprema Suprema.<\/p>\n<p>El m\u00e1ximo tribunal dej\u00f3 firme la condena a cuatro a\u00f1os de prisi\u00f3n del ex funcionario al considerarlo\u00a0<strong>part\u00edcipe necesario del delito de administraci\u00f3n fraudulenta en perjuicio de la administraci\u00f3n p\u00fablica por la tragedia ferroviaria de Once<\/strong>\u00a0ocurrida el 22 de febrero de 2012, y que caus\u00f3 la muerte de 51 personas.<\/p>\n<p>Los jueces\u00a0<strong>Horacio Rosatti<\/strong>,\u00a0<strong>Carlos Rosenkrantz<\/strong>\u00a0y\u00a0<strong>Ricardo Lorenzetti\u00a0<\/strong>rechazaron por \u201cinadmisibles\u201d, en aplicaci\u00f3n del art\u00edculo 280 del C\u00f3digo Procesal Civil y Comercial, los recursos del Ministerio P\u00fablico Fiscal y de la defensa de De Vido contra la sentencia que le impuso la pena de cuatro a\u00f1os de prisi\u00f3n e inhabilitaci\u00f3n especial perpetua, accesorias legales y costas.<\/p>\n<p>En 2018, el TOF 4 hab\u00eda condenado al ex ministro al considerar que no cumpli\u00f3 con su deber de controlar el uso de los fondos p\u00fablicos asignados a la concesionaria Trenes de Buenos Aires (TBA).<\/p>\n<p>Si bien fue absuelto del delito de estrago culposo, vinculado a las muertes y lesiones ocasionadas por el accidente, se lo responsabiliz\u00f3 por el manejo irregular de los recursos.<\/p>\n<p>Seg\u00fan el fallo del TOF 4, integrado por los jueces\u00a0<strong>Pablo Bertuzzi, N\u00e9stor Costabel<\/strong>\u00a0y\u00a0<strong>Gabriela L\u00f3pez I\u00f1\u00edguez<\/strong>, el Ministerio de Planificaci\u00f3n no control\u00f3 el destino del dinero a pesar de los informes p\u00fablicos que advert\u00edan sobre el mal funcionamiento del servicio ferroviario de la l\u00ednea Sarmiento.<\/p>\n","protected":false},"excerpt":{"rendered":"<p>El Tribunal Oral Federal N\u00ba 4 solicit\u00f3 este martes que el ex ministro de Planificaci\u00f3n Federal\u00a0Julio De Vido\u00a0se presente el jueves pr\u00f3ximo a las 10 para que se haga efectiva su detenci\u00f3n tras\u00a0confirmarse la condena por la Corte Suprema Suprema. El m\u00e1ximo tribunal dej\u00f3 firme la condena a cuatro a\u00f1os de prisi\u00f3n del ex funcionario [&hellip;]<\/p>\n","protected":false},"author":3,"featured_media":117285,"comment_status":"open","ping_status":"open","sticky":false,"template":"","format":"standard","meta":{"footnotes":""},"categories":[7],"tags":[],"class_list":{"0":"post-117284","1":"post","2":"type-post","3":"status-publish","4":"format-standard","5":"has-post-thumbnail","7":"category-nac"},"_links":{"self":[{"href":"https:\/\/primicias2262.com\/noticias\/wp-json\/wp\/v2\/posts\/117284","targetHints":{"allow":["GET"]}}],"collection":[{"href":"https:\/\/primicias2262.com\/noticias\/wp-json\/wp\/v2\/posts"}],"about":[{"href":"https:\/\/primicias2262.com\/noticias\/wp-json\/wp\/v2\/types\/post"}],"author":[{"embeddable":true,"href":"https:\/\/primicias2262.com\/noticias\/wp-json\/wp\/v2\/users\/3"}],"replies":[{"embeddable":true,"href":"https:\/\/primicias2262.com\/noticias\/wp-json\/wp\/v2\/comments?post=117284"}],"version-history":[{"count":1,"href":"https:\/\/primicias2262.com\/noticias\/wp-json\/wp\/v2\/posts\/117284\/revisions"}],"predecessor-version":[{"id":117286,"href":"https:\/\/primicias2262.com\/noticias\/wp-json\/wp\/v2\/posts\/117284\/revisions\/117286"}],"wp:featuredmedia":[{"embeddable":true,"href":"https:\/\/primicias2262.com\/noticias\/wp-json\/wp\/v2\/media\/117285"}],"wp:attachment":[{"href":"https:\/\/primicias2262.com\/noticias\/wp-json\/wp\/v2\/media?parent=117284"}],"wp:term":[{"taxonomy":"category","embeddable":true,"href":"https:\/\/primicias2262.com\/noticias\/wp-json\/wp\/v2\/categories?post=117284"},{"taxonomy":"post_tag","embeddable":true,"href":"https:\/\/primicias2262.com\/noticias\/wp-json\/wp\/v2\/tags?post=117284"}],"curies":[{"name":"wp","href":"https:\/\/api.w.org\/{rel}","templated":true}]}}