{"id":117291,"date":"2025-11-12T15:49:47","date_gmt":"2025-11-12T15:49:47","guid":{"rendered":"https:\/\/primicias2262.com\/noticias\/?p=117291"},"modified":"2025-11-13T21:33:40","modified_gmt":"2025-11-13T21:33:40","slug":"roberto-taurian-el-radicalismo-no-se-termino-pero-esta-atomizado","status":"publish","type":"post","link":"https:\/\/primicias2262.com\/noticias\/roberto-taurian-el-radicalismo-no-se-termino-pero-esta-atomizado\/","title":{"rendered":"Roberto Tauri\u00e1n: \u201cEl radicalismo no se termin\u00f3, pero est\u00e1 atomizado\u201d"},"content":{"rendered":"<p><strong>El hist\u00f3rico dirigente del radicalismo necochense Roberto Tauri\u00e1n analiz\u00f3 el complejo presente que atraviesa la Uni\u00f3n C\u00edvica Radical, tanto a nivel nacional como provincial y local. En di\u00e1logo con el periodista Jorge G\u00f3mez, durante el programa Voces de la Ciudad que se emite por FM Estaci\u00f3n FREE 90.3, el referente asegur\u00f3 que \u201cel radicalismo no se termin\u00f3, pero est\u00e1 atomizado\u201d, y que la crisis interna que hoy se percibe \u201cno comenz\u00f3 ahora, sino cuando se sell\u00f3 la alianza con el PRO y naci\u00f3 Juntos por el Cambio\u201d.<\/strong><\/p>\n<p>\u201cDesde ese momento se dio una atomizaci\u00f3n del partido. Cuando gan\u00f3 las elecciones, Mauricio Macri subestim\u00f3 al radicalismo y lo utiliz\u00f3 como un instrumento electoral\u201d, sostuvo Tauri\u00e1n. \u201cRecuerdo que en aquel a\u00f1o alguien del PRO Necochea me dijo: \u2018Nosotros somos un sello, pero ustedes son un partido org\u00e1nico, los necesitamos\u2019. Y eso fue exactamente lo que pas\u00f3. Desde ah\u00ed el radicalismo empez\u00f3 a disgregarse, sumado a la crisis que ya ven\u00eda desde la ca\u00edda de Fernando De la R\u00faa. Ahora se profundiza, con gobernadores que se han puesto la peluca \u2014en referencia a los que se alinearon con La Libertad Avanza\u2014\u201d, agreg\u00f3.<\/p>\n<p>El dirigente destac\u00f3 que esta desintegraci\u00f3n se replica en todos los niveles: \u201cEl partido se disgreg\u00f3 a nivel nacional, provincial y local. En la provincia no tenemos ning\u00fan referente visible, y ac\u00e1 en Necochea ocurre lo mismo. En las \u00faltimas elecciones, Graciana Maizzani obtuvo apenas 2.500 votos, mientras que Juan Pablo De la Hera, de la Agrupaci\u00f3n Comunal Transformadora, sac\u00f3 m\u00e1s de 7.000. Muchos de esos votos fueron radicales, me lo dijeron personalmente. Eso demuestra que nuestro electorado est\u00e1 disperso\u201d.<\/p>\n<p>Tauri\u00e1n lament\u00f3 que \u201clas ideas y valores de Yrigoyen, Alem, Illia y Alfons\u00edn se hayan ido perdiendo en el tiempo\u201d. Con emoci\u00f3n, record\u00f3 una experiencia personal con el expresidente Arturo Illia, a quien conoci\u00f3 en su juventud. \u201cYo ten\u00eda 17 a\u00f1os cuando lo conoc\u00ed, en 1962, cuando fue candidato a gobernador de C\u00f3rdoba. Le cont\u00e9 que casi nos hab\u00edamos agarrado a pi\u00f1as con militantes del otro partido, y \u00e9l me respondi\u00f3: \u2018Joven, en pol\u00edtica no hay enemigos, sino adversarios. Con el adversario siempre hay que hablar\u2019. Esa ense\u00f1anza me qued\u00f3 grabada, y la sigo aplicando hoy. Por eso siempre mantuve buena relaci\u00f3n con todos, como la tuve con el Momo Venegas, y la tengo con Juan Carlos De Francisco o Roberto Rago, todos del peronismo\u201d.<\/p>\n<p>Actualmente, Tauri\u00e1n integra una agrupaci\u00f3n local que lleva el nombre de Arturo Illia, junto a dirigentes como Cacho Maldonado, Ra\u00fal Ferrario, Juan I\u00e1cono y Fernando Tripiana, entre otros. \u201cNos juntamos de vez en cuando a charlar de pol\u00edtica, y nos preocupa mucho lo que est\u00e1 pasando. Hay mucha divergencia dentro de la UCR local. Lo ideal ser\u00eda poder unir al partido, pero est\u00e1n muy dispersos y no s\u00e9 qui\u00e9n puede hacerlo. Ese es el gran desaf\u00edo, tanto a nivel nacional como en Necochea\u201d, afirm\u00f3.<\/p>\n<p>Finalmente, el dirigente expres\u00f3 su preocupaci\u00f3n por la p\u00e9rdida de representaci\u00f3n del radicalismo en el Concejo Deliberante. \u201cDe 20 concejales, hoy solo tenemos uno, el \u2018Chino\u2019 Irigoyen. No logramos colocar ninguno en las \u00faltimas elecciones. Eso habla de un partido desarticulado, que necesita reencontrarse con sus ra\u00edces y con la gente\u201d, concluy\u00f3.<\/p>\n","protected":false},"excerpt":{"rendered":"<p>El hist\u00f3rico dirigente del radicalismo necochense Roberto Tauri\u00e1n analiz\u00f3 el complejo presente que atraviesa la Uni\u00f3n C\u00edvica Radical, tanto a nivel nacional como provincial y local. En di\u00e1logo con el periodista Jorge G\u00f3mez, durante el programa Voces de la Ciudad que se emite por FM Estaci\u00f3n FREE 90.3, el referente asegur\u00f3 que \u201cel radicalismo no [&hellip;]<\/p>\n","protected":false},"author":3,"featured_media":117295,"comment_status":"open","ping_status":"open","sticky":false,"template":"","format":"standard","meta":{"footnotes":""},"categories":[3],"tags":[],"class_list":{"0":"post-117291","1":"post","2":"type-post","3":"status-publish","4":"format-standard","5":"has-post-thumbnail","7":"category-masnoticias"},"_links":{"self":[{"href":"https:\/\/primicias2262.com\/noticias\/wp-json\/wp\/v2\/posts\/117291","targetHints":{"allow":["GET"]}}],"collection":[{"href":"https:\/\/primicias2262.com\/noticias\/wp-json\/wp\/v2\/posts"}],"about":[{"href":"https:\/\/primicias2262.com\/noticias\/wp-json\/wp\/v2\/types\/post"}],"author":[{"embeddable":true,"href":"https:\/\/primicias2262.com\/noticias\/wp-json\/wp\/v2\/users\/3"}],"replies":[{"embeddable":true,"href":"https:\/\/primicias2262.com\/noticias\/wp-json\/wp\/v2\/comments?post=117291"}],"version-history":[{"count":1,"href":"https:\/\/primicias2262.com\/noticias\/wp-json\/wp\/v2\/posts\/117291\/revisions"}],"predecessor-version":[{"id":117298,"href":"https:\/\/primicias2262.com\/noticias\/wp-json\/wp\/v2\/posts\/117291\/revisions\/117298"}],"wp:featuredmedia":[{"embeddable":true,"href":"https:\/\/primicias2262.com\/noticias\/wp-json\/wp\/v2\/media\/117295"}],"wp:attachment":[{"href":"https:\/\/primicias2262.com\/noticias\/wp-json\/wp\/v2\/media?parent=117291"}],"wp:term":[{"taxonomy":"category","embeddable":true,"href":"https:\/\/primicias2262.com\/noticias\/wp-json\/wp\/v2\/categories?post=117291"},{"taxonomy":"post_tag","embeddable":true,"href":"https:\/\/primicias2262.com\/noticias\/wp-json\/wp\/v2\/tags?post=117291"}],"curies":[{"name":"wp","href":"https:\/\/api.w.org\/{rel}","templated":true}]}}