{"id":117292,"date":"2025-11-12T15:50:02","date_gmt":"2025-11-12T15:50:02","guid":{"rendered":"https:\/\/primicias2262.com\/noticias\/?p=117292"},"modified":"2025-11-13T21:31:57","modified_gmt":"2025-11-13T21:31:57","slug":"sali-de-ahi-el-mensaje-que-vuelve-a-enfatizar-fernanda-franco-tras-el-asesinato-de-debora-bulacio","status":"publish","type":"post","link":"https:\/\/primicias2262.com\/noticias\/sali-de-ahi-el-mensaje-que-vuelve-a-enfatizar-fernanda-franco-tras-el-asesinato-de-debora-bulacio\/","title":{"rendered":"\u201cSal\u00ed de ah\u00ed\u201d: el mensaje que vuelve a enfatizar Fernanda Franco tras el asesinato de D\u00e9bora Bulacio"},"content":{"rendered":"<p><strong>La ciudad de Necochea vuelve a conmocionarse por un nuevo caso de violencia de g\u00e9nero, tras el asesinato de D\u00e9bora Bulacio, por Andr\u00e9s Guti\u00e9rrez. En medio del dolor y la indignaci\u00f3n que gener\u00f3 el hecho, la referente local en la lucha contra la violencia de g\u00e9nero, Fernanda Franco, reflexion\u00f3 sobre la necesidad urgente de visibilizar y actuar frente a estas situaciones.<\/strong><\/p>\n<p>En di\u00e1logo con el periodista Jorge G\u00f3mez, en el programa Voces de la Ciudad que se emite por FM Estaci\u00f3n FREE 90.3, Franco remarc\u00f3 una consigna contundente dirigida a las mujeres que sufren violencia: \u201cSal\u00ed de ah\u00ed\u201d. \u201cAyer se conoci\u00f3 un mensaje de D\u00e9bora en el que dec\u00eda \u2018debe ser mi culpa, yo s\u00e9 que es mi culpa\u2019. Esa frase refleja un patr\u00f3n que se repite una y otra vez. Es un c\u00edrculo de violencia que comienza con el maltrato \u2014psicol\u00f3gico, verbal, f\u00edsico o sexual\u2014, luego llega el momento en que la v\u00edctima piensa en separarse, pero aparece la llamada \u2018luna de miel\u2019, donde el agresor se aprovecha de la vulnerabilidad para manipular y volver a endulzar\u201d, explic\u00f3.<\/p>\n<p>La referente describi\u00f3 c\u00f3mo la v\u00edctima, en este proceso, es aislada de su entorno familiar y de amistades, y queda emocionalmente atrapada. \u201cEst\u00e1n encerradas en s\u00ed mismas y enamoradas. Yo sufr\u00ed violencia de g\u00e9nero y hablo desde el lugar que me toc\u00f3 vivir. Acompa\u00f1\u00e9 a muchas mujeres que lo pasaron, y todas dicen \u2018yo lo amo, va a cambiar\u2019. Pero no, no va a cambiar. Un hombre violento, t\u00f3xico y golpeador no cambia. El amor no da\u00f1a, no te tiene que hacer sufrir\u201d, expres\u00f3 con firmeza.<\/p>\n<p>Franco lament\u00f3 que el agresor de D\u00e9bora ya contaba con antecedentes de denuncias, lo que evidencia una conducta reincidente. \u201cElla cre\u00eda que era su culpa que \u00e9l actuara as\u00ed. La persona que sufre violencia de g\u00e9nero se siente culpable, vulnerable, convencida de que hace todo mal. Y hoy, por eso, ya no est\u00e1. Hoy no est\u00e1 la madre de tres hijos porque un hombre decidi\u00f3 quitarle la vida en medio de la noche y enterrarla\u201d, se\u00f1al\u00f3 con profundo dolor.<\/p>\n<p>Tambi\u00e9n destac\u00f3 el accionar de quienes lograron dar aviso a las autoridades: \u201cMenos mal que el sereno actu\u00f3 y avis\u00f3 a la polic\u00eda, porque este hombre ya estaba intentando huir. Si se escapaba, quiz\u00e1 no lo atrapaban\u201d.<\/p>\n<p>Franco insisti\u00f3 en que la violencia de g\u00e9nero atraviesa todas las esferas sociales, y que aunque hoy los casos se conocen m\u00e1s, a\u00fan falta mucho por hacer. \u201cA veces les digo a las chicas con las que hablo: \u2018Ese hombre no va a cambiar. Si no tom\u00e1s una decisi\u00f3n, tus hijos los va a criar tu familia, porque vos vas a estar muerta\u2019. Es duro, pero es la realidad\u201d, expres\u00f3.<\/p>\n<p>Finalmente, llam\u00f3 a la comunidad a denunciar y acompa\u00f1ar. \u201cSi est\u00e1s sufriendo violencia de g\u00e9nero o conoc\u00e9s a alguien que lo sufre, denunci\u00e1. En Necochea las instituciones funcionan: tenemos la Comisar\u00eda de la Mujer, la l\u00ednea 144 que atiende las 24 horas, la Oficina de Pol\u00edticas de G\u00e9nero y la OFI 10, que brinda asesoramiento a familiares. No est\u00e1s sola\u201d, concluy\u00f3.<\/p>\n<p>El asesinato de D\u00e9bora Bulacio vuelve a poner en primer plano una problem\u00e1tica que golpea a toda la sociedad, y que requiere de compromiso, empat\u00eda y acci\u00f3n colectiva para erradicarla.<\/p>\n","protected":false},"excerpt":{"rendered":"<p>La ciudad de Necochea vuelve a conmocionarse por un nuevo caso de violencia de g\u00e9nero, tras el asesinato de D\u00e9bora Bulacio, por Andr\u00e9s Guti\u00e9rrez. En medio del dolor y la indignaci\u00f3n que gener\u00f3 el hecho, la referente local en la lucha contra la violencia de g\u00e9nero, Fernanda Franco, reflexion\u00f3 sobre la necesidad urgente de visibilizar [&hellip;]<\/p>\n","protected":false},"author":3,"featured_media":117294,"comment_status":"open","ping_status":"open","sticky":false,"template":"","format":"standard","meta":{"footnotes":""},"categories":[3],"tags":[],"class_list":{"0":"post-117292","1":"post","2":"type-post","3":"status-publish","4":"format-standard","5":"has-post-thumbnail","7":"category-masnoticias"},"_links":{"self":[{"href":"https:\/\/primicias2262.com\/noticias\/wp-json\/wp\/v2\/posts\/117292","targetHints":{"allow":["GET"]}}],"collection":[{"href":"https:\/\/primicias2262.com\/noticias\/wp-json\/wp\/v2\/posts"}],"about":[{"href":"https:\/\/primicias2262.com\/noticias\/wp-json\/wp\/v2\/types\/post"}],"author":[{"embeddable":true,"href":"https:\/\/primicias2262.com\/noticias\/wp-json\/wp\/v2\/users\/3"}],"replies":[{"embeddable":true,"href":"https:\/\/primicias2262.com\/noticias\/wp-json\/wp\/v2\/comments?post=117292"}],"version-history":[{"count":1,"href":"https:\/\/primicias2262.com\/noticias\/wp-json\/wp\/v2\/posts\/117292\/revisions"}],"predecessor-version":[{"id":117299,"href":"https:\/\/primicias2262.com\/noticias\/wp-json\/wp\/v2\/posts\/117292\/revisions\/117299"}],"wp:featuredmedia":[{"embeddable":true,"href":"https:\/\/primicias2262.com\/noticias\/wp-json\/wp\/v2\/media\/117294"}],"wp:attachment":[{"href":"https:\/\/primicias2262.com\/noticias\/wp-json\/wp\/v2\/media?parent=117292"}],"wp:term":[{"taxonomy":"category","embeddable":true,"href":"https:\/\/primicias2262.com\/noticias\/wp-json\/wp\/v2\/categories?post=117292"},{"taxonomy":"post_tag","embeddable":true,"href":"https:\/\/primicias2262.com\/noticias\/wp-json\/wp\/v2\/tags?post=117292"}],"curies":[{"name":"wp","href":"https:\/\/api.w.org\/{rel}","templated":true}]}}