{"id":117301,"date":"2025-11-13T17:12:12","date_gmt":"2025-11-13T17:12:12","guid":{"rendered":"https:\/\/primicias2262.com\/noticias\/?p=117301"},"modified":"2025-11-14T17:11:41","modified_gmt":"2025-11-14T17:11:41","slug":"comerciantes-locales-alertan-por-la-caida-en-las-ventas-y-llaman-a-apostar-por-lo-nuestro","status":"publish","type":"post","link":"https:\/\/primicias2262.com\/noticias\/comerciantes-locales-alertan-por-la-caida-en-las-ventas-y-llaman-a-apostar-por-lo-nuestro\/","title":{"rendered":"Comerciantes locales alertan por la ca\u00edda en las ventas y llaman a \u201capostar por lo nuestro\u201d"},"content":{"rendered":"<p><strong>El comerciante Juan Manuel Ferrari, titular de Ferrari Electricidad e Iluminaci\u00f3n, un tradicional negocio ubicado en avenida 519 N\u00ba 3595 de Quequ\u00e9n, a metros del Puente Colgante, analiz\u00f3 la actualidad del comercio local y se\u00f1al\u00f3 una notoria ca\u00edda en las ventas durante los \u00faltimos meses, en sinton\u00eda con lo que ocurre en distintos rubros de la ciudad.<\/strong><\/p>\n<p>En di\u00e1logo con el periodista Jorge G\u00f3mez, en el programa Voces de la Ciudad que se emite por Estaci\u00f3n FREE 90.3 FM, Ferrari explic\u00f3 que la situaci\u00f3n se agrav\u00f3 especialmente en octubre:\u00a0 \u201cLa venta en el mostrador ha bajado en los \u00faltimos dos o tres meses en comparaci\u00f3n con el a\u00f1o pasado. En octubre se not\u00f3 mucho la baja, y lo hemos corroborado con colegas en la ciudad. El volumen de ca\u00edda de ventas ha sido de entre un 15 y un 20%\u201d.<\/p>\n<p>El comerciante atribuy\u00f3 parte de la merma a la incertidumbre previa a los procesos electorales, un factor que, seg\u00fan dijo, suele afectar el consumo:<\/p>\n<p>\u201cGeneralmente bajan las ventas cuando hay elecciones porque la gente est\u00e1 con incertidumbre. Adem\u00e1s, mientras las ventas bajan, los impuestos se mantienen igual, los gastos fijos mensuales son los mismos, y eso se traduce en menos ganancias\u201d.<\/p>\n<p>Ferrari tambi\u00e9n mencion\u00f3 que muchos consumidores compran por internet y luego buscan resolver inconvenientes en los comercios locales, lo que refleja una tendencia que complica al comercio tradicional:<\/p>\n<p>\u201cNos pasa que hay gente que compra algo por Mercado Libre y les llega un producto que no era el que quer\u00edan, y vienen a mi negocio a ver si se los puedo cambiar, cuando en realidad no lo compraron ac\u00e1. Por eso siempre enfatizo en que hay que apostar a comprar en la ciudad, a m\u00ed o a cualquier colega, as\u00ed todo crece y todos tenemos trabajo\u201d.<\/p>\n<p>Pese al contexto, el comerciante remarc\u00f3 su compromiso con el servicio local y record\u00f3 los horarios de atenci\u00f3n de su negocio: de lunes a viernes de 8 a 12:30 y de 15 a 19 horas, y los s\u00e1bados de 8:30 a 13.<\/p>\n<p>Ferrari concluy\u00f3 con un mensaje de apoyo al comercio de cercan\u00eda: \u201cCada vez que elegimos comprar en nuestra ciudad, estamos ayudando a mantener puestos de trabajo y a que el dinero quede circulando en Necochea y Quequ\u00e9n. Esa es la forma de salir adelante entre todos\u201d.<\/p>\n","protected":false},"excerpt":{"rendered":"<p>El comerciante Juan Manuel Ferrari, titular de Ferrari Electricidad e Iluminaci\u00f3n, un tradicional negocio ubicado en avenida 519 N\u00ba 3595 de Quequ\u00e9n, a metros del Puente Colgante, analiz\u00f3 la actualidad del comercio local y se\u00f1al\u00f3 una notoria ca\u00edda en las ventas durante los \u00faltimos meses, en sinton\u00eda con lo que ocurre en distintos rubros de [&hellip;]<\/p>\n","protected":false},"author":3,"featured_media":117306,"comment_status":"open","ping_status":"open","sticky":false,"template":"","format":"standard","meta":{"footnotes":""},"categories":[3],"tags":[],"class_list":{"0":"post-117301","1":"post","2":"type-post","3":"status-publish","4":"format-standard","5":"has-post-thumbnail","7":"category-masnoticias"},"_links":{"self":[{"href":"https:\/\/primicias2262.com\/noticias\/wp-json\/wp\/v2\/posts\/117301","targetHints":{"allow":["GET"]}}],"collection":[{"href":"https:\/\/primicias2262.com\/noticias\/wp-json\/wp\/v2\/posts"}],"about":[{"href":"https:\/\/primicias2262.com\/noticias\/wp-json\/wp\/v2\/types\/post"}],"author":[{"embeddable":true,"href":"https:\/\/primicias2262.com\/noticias\/wp-json\/wp\/v2\/users\/3"}],"replies":[{"embeddable":true,"href":"https:\/\/primicias2262.com\/noticias\/wp-json\/wp\/v2\/comments?post=117301"}],"version-history":[{"count":2,"href":"https:\/\/primicias2262.com\/noticias\/wp-json\/wp\/v2\/posts\/117301\/revisions"}],"predecessor-version":[{"id":117334,"href":"https:\/\/primicias2262.com\/noticias\/wp-json\/wp\/v2\/posts\/117301\/revisions\/117334"}],"wp:featuredmedia":[{"embeddable":true,"href":"https:\/\/primicias2262.com\/noticias\/wp-json\/wp\/v2\/media\/117306"}],"wp:attachment":[{"href":"https:\/\/primicias2262.com\/noticias\/wp-json\/wp\/v2\/media?parent=117301"}],"wp:term":[{"taxonomy":"category","embeddable":true,"href":"https:\/\/primicias2262.com\/noticias\/wp-json\/wp\/v2\/categories?post=117301"},{"taxonomy":"post_tag","embeddable":true,"href":"https:\/\/primicias2262.com\/noticias\/wp-json\/wp\/v2\/tags?post=117301"}],"curies":[{"name":"wp","href":"https:\/\/api.w.org\/{rel}","templated":true}]}}