{"id":117302,"date":"2025-11-13T17:13:16","date_gmt":"2025-11-13T17:13:16","guid":{"rendered":"https:\/\/primicias2262.com\/noticias\/?p=117302"},"modified":"2025-11-14T17:11:48","modified_gmt":"2025-11-14T17:11:48","slug":"optimismo-en-el-sector-inmobiliario-aumentan-las-reservas-y-estadias-largas-en-necochea-antes-del-verano","status":"publish","type":"post","link":"https:\/\/primicias2262.com\/noticias\/optimismo-en-el-sector-inmobiliario-aumentan-las-reservas-y-estadias-largas-en-necochea-antes-del-verano\/","title":{"rendered":"Optimismo en el sector inmobiliario: aumentan las reservas y estad\u00edas largas en Necochea antes del verano"},"content":{"rendered":"<p><strong>\u201cEste pre verano sorprende porque ya mucho est\u00e1 alquilado o reservado, y con estad\u00edas largas\u201d, asegur\u00f3 Romina Casal.<\/strong><\/p>\n<p>El movimiento tur\u00edstico comenz\u00f3 a sentirse con fuerza en Necochea antes de lo esperado. As\u00ed lo afirm\u00f3 la agente inmobiliaria Romina Casal, quien destac\u00f3 que \u201ceste pre verano sorprende porque ya mucho est\u00e1 alquilado o reservado\u201d, con un marcado inter\u00e9s de visitantes por estad\u00edas m\u00e1s largas en comparaci\u00f3n con a\u00f1os anteriores.<\/p>\n<p>En di\u00e1logo con el periodista Jorge G\u00f3mez, durante el programa Voces de la Ciudad que se emite por Estaci\u00f3n FREE, 90.3 FM, Casal sostuvo que las consultas para el fin de semana largo del 21 al 24 de noviembre son numerosas y que la temporada parece anticiparse.<\/p>\n<p>\u201cEs como que se adelanta un poco la temporada, al contrario de a\u00f1os anteriores, cuando reci\u00e9n esper\u00e1bamos movimiento cerca de las fiestas o en enero. As\u00ed que estamos dejando todo listo e impecable en cuanto a casas y departamentos\u201d, explic\u00f3.<\/p>\n<p>La profesional se\u00f1al\u00f3 que el comportamiento de los turistas cambi\u00f3 este a\u00f1o: \u201cDespu\u00e9s de la pandemia hab\u00eda quedado instalado el tema de las estad\u00edas cortas, pero ahora todas las reservas que tenemos superan los 10 d\u00edas. Hay casos de 15 d\u00edas, incluso de 20 o un mes completo. Eso es muy bueno porque la gente se instala y puede aprovechar m\u00e1s la ciudad, no solo la playa, sino tambi\u00e9n otros puntos tur\u00edsticos y recreativos\u201d.<\/p>\n<p>En cuanto a los precios de los alquileres, Casal afirm\u00f3 que se mantienen accesibles y con incrementos moderados, lo que genera buenas expectativas para la temporada de verano: \u201cHay muy buen precio y realmente est\u00e1 para aprovechar. Por ejemplo, un departamento para cuatro personas que el a\u00f1o pasado rondaba entre 45 mil y 60 mil pesos por d\u00eda, hoy est\u00e1 entre 70 y 75 mil, lo que no representa un aumento tan significativo\u201d.<\/p>\n<p>Con este panorama alentador, el sector inmobiliario local se muestra optimista de cara al verano 2025, confiando en que Necochea volver\u00e1 a ser uno de los destinos elegidos por las familias que buscan tranquilidad, naturaleza y una amplia oferta de alojamiento frente al mar.<\/p>\n","protected":false},"excerpt":{"rendered":"<p>\u201cEste pre verano sorprende porque ya mucho est\u00e1 alquilado o reservado, y con estad\u00edas largas\u201d, asegur\u00f3 Romina Casal. El movimiento tur\u00edstico comenz\u00f3 a sentirse con fuerza en Necochea antes de lo esperado. As\u00ed lo afirm\u00f3 la agente inmobiliaria Romina Casal, quien destac\u00f3 que \u201ceste pre verano sorprende porque ya mucho est\u00e1 alquilado o reservado\u201d, con [&hellip;]<\/p>\n","protected":false},"author":3,"featured_media":117304,"comment_status":"open","ping_status":"open","sticky":false,"template":"","format":"standard","meta":{"footnotes":""},"categories":[3],"tags":[],"class_list":{"0":"post-117302","1":"post","2":"type-post","3":"status-publish","4":"format-standard","5":"has-post-thumbnail","7":"category-masnoticias"},"_links":{"self":[{"href":"https:\/\/primicias2262.com\/noticias\/wp-json\/wp\/v2\/posts\/117302","targetHints":{"allow":["GET"]}}],"collection":[{"href":"https:\/\/primicias2262.com\/noticias\/wp-json\/wp\/v2\/posts"}],"about":[{"href":"https:\/\/primicias2262.com\/noticias\/wp-json\/wp\/v2\/types\/post"}],"author":[{"embeddable":true,"href":"https:\/\/primicias2262.com\/noticias\/wp-json\/wp\/v2\/users\/3"}],"replies":[{"embeddable":true,"href":"https:\/\/primicias2262.com\/noticias\/wp-json\/wp\/v2\/comments?post=117302"}],"version-history":[{"count":1,"href":"https:\/\/primicias2262.com\/noticias\/wp-json\/wp\/v2\/posts\/117302\/revisions"}],"predecessor-version":[{"id":117309,"href":"https:\/\/primicias2262.com\/noticias\/wp-json\/wp\/v2\/posts\/117302\/revisions\/117309"}],"wp:featuredmedia":[{"embeddable":true,"href":"https:\/\/primicias2262.com\/noticias\/wp-json\/wp\/v2\/media\/117304"}],"wp:attachment":[{"href":"https:\/\/primicias2262.com\/noticias\/wp-json\/wp\/v2\/media?parent=117302"}],"wp:term":[{"taxonomy":"category","embeddable":true,"href":"https:\/\/primicias2262.com\/noticias\/wp-json\/wp\/v2\/categories?post=117302"},{"taxonomy":"post_tag","embeddable":true,"href":"https:\/\/primicias2262.com\/noticias\/wp-json\/wp\/v2\/tags?post=117302"}],"curies":[{"name":"wp","href":"https:\/\/api.w.org\/{rel}","templated":true}]}}