{"id":117303,"date":"2025-11-13T17:12:54","date_gmt":"2025-11-13T17:12:54","guid":{"rendered":"https:\/\/primicias2262.com\/noticias\/?p=117303"},"modified":"2025-11-13T21:28:31","modified_gmt":"2025-11-13T21:28:31","slug":"a-40-anos-del-juicio-a-las-juntas-el-dr-gil-lavedra-disertara-en-el-concejo-de-necochea","status":"publish","type":"post","link":"https:\/\/primicias2262.com\/noticias\/a-40-anos-del-juicio-a-las-juntas-el-dr-gil-lavedra-disertara-en-el-concejo-de-necochea\/","title":{"rendered":"A 40 a\u00f1os del Juicio a las Juntas, el Dr. Gil Lavedra disertar\u00e1 en el Concejo de Necochea"},"content":{"rendered":"<p><strong>En el marco del programa Concejo Cerca, este viernes 14 de noviembre se presentar\u00e1 en el Concejo Deliberante de Necochea el Dr. Ricardo Gil Lavedra, reconocido jurista y uno de los camaristas que integr\u00f3 el hist\u00f3rico Juicio a las Juntas Militares en 1985. La actividad, abierta al p\u00fablico y con entrada libre y gratuita, se desarrollar\u00e1 desde las 18 horas, en conmemoraci\u00f3n de los 40 a\u00f1os de aquel acontecimiento trascendental para la democracia argentina.<\/strong><\/p>\n<p>En torno a esta iniciativa, las concejalas Adriana P\u00e9rez (Uni\u00f3n C\u00edvica Radical), Gabriela Espinosa (Nueva Necochea) y Evangelina Almada (Fuerza Patria), dialogaron con el periodista Jorge G\u00f3mez en el programa Voces de la Ciudad, que se emite por Estaci\u00f3n FREE, 90.3 FM.<\/p>\n<p>En primer t\u00e9rmino, Adriana P\u00e9rez destac\u00f3 el profundo sentido democr\u00e1tico del encuentro: \u201cEste viernes nos reunimos para repensar y revalorizar lo que signific\u00f3 el Juicio a las Juntas Militares. Si bien se dio por una decisi\u00f3n del presidente Ra\u00fal Alfons\u00edn, tambi\u00e9n fue un logro de toda la sociedad argentina, que ven\u00eda de una etapa oscura con un gobierno dictatorial\u201d.<\/p>\n<p>Por su parte, Gabriela Espinosa subray\u00f3 el objetivo de acercar estos contenidos hist\u00f3ricos a la comunidad a trav\u00e9s del programa institucional: \u201cDesde Concejo Cerca queremos resaltar la importancia de la democracia y su sostenimiento. Este programa trabaja de manera interdisciplinaria con el Ejecutivo y con la sociedad, acercando contenidos muy valiosos para que la ciudadan\u00eda participe y reflexione. Sostener la democracia es fundamental, y m\u00e1s a\u00fan con la presencia de un actor tan relevante como Gil Lavedra, que representa la historia viva contada por \u00e9l mismo\u201d.<\/p>\n<p>A su turno, Evangelina Almada, titular de la Comisi\u00f3n de Derechos Humanos junto al concejal Alejandro Bidegain, explic\u00f3 c\u00f3mo surgi\u00f3 la propuesta: \u201cCuando comenzamos a trabajar en la idea de hacer un homenaje por los 40 a\u00f1os del Juicio a las Juntas, el concejal Bidegain acerc\u00f3, a trav\u00e9s del Dr. Pedro Azcoiti, la posibilidad de invitar al Dr. Gil Lavedra. Nos pareci\u00f3 maravilloso, porque como dijo Gabriela, es la historia viva en primera persona de lo que signific\u00f3 aquel proceso hist\u00f3rico\u201d.<\/p>\n<p>Finalmente, las concejalas adelantaron que m\u00e1s adelante se emplazar\u00e1 un monumento alusivo, en homenaje al juicio y a la defensa de los derechos humanos como pilares esenciales del sistema democr\u00e1tico.<\/p>\n","protected":false},"excerpt":{"rendered":"<p>En el marco del programa Concejo Cerca, este viernes 14 de noviembre se presentar\u00e1 en el Concejo Deliberante de Necochea el Dr. Ricardo Gil Lavedra, reconocido jurista y uno de los camaristas que integr\u00f3 el hist\u00f3rico Juicio a las Juntas Militares en 1985. La actividad, abierta al p\u00fablico y con entrada libre y gratuita, se [&hellip;]<\/p>\n","protected":false},"author":3,"featured_media":117305,"comment_status":"open","ping_status":"open","sticky":false,"template":"","format":"standard","meta":{"footnotes":""},"categories":[5],"tags":[],"class_list":{"0":"post-117303","1":"post","2":"type-post","3":"status-publish","4":"format-standard","5":"has-post-thumbnail","7":"category-neco"},"_links":{"self":[{"href":"https:\/\/primicias2262.com\/noticias\/wp-json\/wp\/v2\/posts\/117303","targetHints":{"allow":["GET"]}}],"collection":[{"href":"https:\/\/primicias2262.com\/noticias\/wp-json\/wp\/v2\/posts"}],"about":[{"href":"https:\/\/primicias2262.com\/noticias\/wp-json\/wp\/v2\/types\/post"}],"author":[{"embeddable":true,"href":"https:\/\/primicias2262.com\/noticias\/wp-json\/wp\/v2\/users\/3"}],"replies":[{"embeddable":true,"href":"https:\/\/primicias2262.com\/noticias\/wp-json\/wp\/v2\/comments?post=117303"}],"version-history":[{"count":1,"href":"https:\/\/primicias2262.com\/noticias\/wp-json\/wp\/v2\/posts\/117303\/revisions"}],"predecessor-version":[{"id":117308,"href":"https:\/\/primicias2262.com\/noticias\/wp-json\/wp\/v2\/posts\/117303\/revisions\/117308"}],"wp:featuredmedia":[{"embeddable":true,"href":"https:\/\/primicias2262.com\/noticias\/wp-json\/wp\/v2\/media\/117305"}],"wp:attachment":[{"href":"https:\/\/primicias2262.com\/noticias\/wp-json\/wp\/v2\/media?parent=117303"}],"wp:term":[{"taxonomy":"category","embeddable":true,"href":"https:\/\/primicias2262.com\/noticias\/wp-json\/wp\/v2\/categories?post=117303"},{"taxonomy":"post_tag","embeddable":true,"href":"https:\/\/primicias2262.com\/noticias\/wp-json\/wp\/v2\/tags?post=117303"}],"curies":[{"name":"wp","href":"https:\/\/api.w.org\/{rel}","templated":true}]}}