{"id":117311,"date":"2025-11-13T21:18:53","date_gmt":"2025-11-13T21:18:53","guid":{"rendered":"https:\/\/primicias2262.com\/noticias\/?p=117311"},"modified":"2025-11-13T21:18:53","modified_gmt":"2025-11-13T21:18:53","slug":"mientras-el-gobierno-trata-de-acelerar-la-reforma-laboral-el-empleo-no-crece","status":"publish","type":"post","link":"https:\/\/primicias2262.com\/noticias\/mientras-el-gobierno-trata-de-acelerar-la-reforma-laboral-el-empleo-no-crece\/","title":{"rendered":"Mientras el Gobierno trata de acelerar la reforma laboral, el empleo no crece"},"content":{"rendered":"<div class=\"article-body\" data-tadevel-template=\"web\/article-body\">\n<div class=\"article-body-content\">\n<p>Mientras la\u00a0<mark>reforma laboral<\/mark>\u00a0impulsada por el gobierno est\u00e1 en el centro de la escena, la econom\u00eda sigue siendo incapaz de generar nuevos puestos de trabajo.<\/p>\n<p>En agosto \u00faltimo, se perdieron 1<strong>1.229 empleos registrados<\/strong>, de acuerdo con los datos de la Secretar\u00eda de Trabajo.<\/p>\n<p>Y en septiembre, seg\u00fan la\u00a0<mark>Encuesta de Informaci\u00f3n Laboral (EIL)<\/mark>, el nivel de empleo privado registrado habr\u00eda continuado con un retroceso (-0,1%), acumulando 8 meses de contracci\u00f3n del empleo (solo en junio se registr\u00f3 un valor positivo de 0,1%).<\/p>\n<p>La poblaci\u00f3n con trabajo registrado alcanz\u00f3 en agosto las\u00a0<strong>12.844.725 personas<\/strong>, de las cuales 10.051.165 son asalariados registrados (sector privado, el sector p\u00fablico y el trabajo en casas particulares) y 2.793.560 con trabajo independiente (monotributistas y aut\u00f3nomos).<\/p>\n<p>El\u00a0<mark>empleo asalariado registrado<\/mark>\u00a0retrocedi\u00f3 en 12.604 personas: sector privado (-0,2%), sector p\u00fablico (-0,1%) y trabajo en casas particulares (-0,1%).<\/p>\n<p>El empleo en el sector privado alcanz\u00f3 las 6.204.252 personas, con 10.600 trabajadores menos.<\/p>\n<p>Desde comienzos de 2025, son 27.000 trabajadores menos..En relaci\u00f3n con noviembre 2023 son 181.512 menos.<\/p>\n<p>El trabajo independiente creci\u00f3 en 1.800 personas, principalmente por el incremento de 5.500 personas adheridas al monotributo, mientras tuvieron ca\u00eddas de 2.800 personas del r\u00e9gimen de aut\u00f3nomos y 900 aportantes al monotributo social.<\/p>\n<p>Por rama de actividad, 9 sectores redujeron el n\u00famero de trabajadores, 2 se mantuvieron estables y 3 presentaron un aumento.<\/p>\n<p>Los sectores que pudieron incrementar su nivel de empleo fueron\u00a0<strong>Pesca (6,1%); Hoteles y restaurantes (0,2%) y Suministro de electricidad, gas y agua (0,2%).<\/strong><\/p>\n<p>Los sectores de\u00a0<mark>Ense\u00f1anza y Transporte, almacenamiento y comunicaciones<\/mark>\u00a0se mantuvieron estables.<\/p>\n<p>Entre los sectores que redujeron el empleo, los que retrocedieron en mayor medida fueron:\u00a0<mark>Intermediaci\u00f3n financiera (0,7%); Explotaci\u00f3n de minas y canteras (0,6%); Construcci\u00f3n (0,5%); Actividades inmobiliarias, empresariales y de alquiler (0,3%); Industrias manufactureras (0,3%) y Servicios comunitarios, sociales y personales (0,2%).<\/mark><\/p>\n<p>En comparaci\u00f3n con agosto 2024, el empleo asalariado se redujo 0,4% (equivalente a 37,1 mil trabajadores menos) : el sector asalariado privado mostr\u00f3 una ca\u00edda de 0,2% (11,1 mil personas menos), el sector p\u00fablico tuvo una baja de 0,5% (15,9 mil empleos menos) y el trabajo en casas particulares retrocedi\u00f3 2,3% (10,2 mil personas menos)<\/p>\n<p>A partir de septiembre de 2023 el empleo formal en el sector privado comenz\u00f3 una etapa de destrucci\u00f3n neta, una tendencia que se acentu\u00f3 durante el primer trimestre de 2024, con una ca\u00edda mensual promedio de 0,4%\u00bb.<\/p>\n<p>A partir de abril de 2024, la contracci\u00f3n del empleo comenz\u00f3 a moderarse, y en el tercer trimestre de 2024 la ca\u00edda se detuvo.<\/p>\n<p>Ya en el cuarto trimestre de 2024, comenz\u00f3 una recuperaci\u00f3n moderada, con una tasa de crecimiento del 0,1% mensual.<\/p>\n<p>Esta recuperaci\u00f3n fue parcial y de corta duraci\u00f3n: durante los primeros cinco meses el empleo se estanc\u00f3, alternando leves subas y bajas mensuales, pero manteni\u00e9ndose en niveles similares a los de diciembre de 2024.<\/p>\n<p>En los \u00faltimos tres meses (junio a agosto de 2025), el empleo volvi\u00f3 a registrar variaciones mensuales negativas.<\/p>\n<\/div>\n<\/div>\n","protected":false},"excerpt":{"rendered":"<p>Mientras la\u00a0reforma laboral\u00a0impulsada por el gobierno est\u00e1 en el centro de la escena, la econom\u00eda sigue siendo incapaz de generar nuevos puestos de trabajo. En agosto \u00faltimo, se perdieron 11.229 empleos registrados, de acuerdo con los datos de la Secretar\u00eda de Trabajo. Y en septiembre, seg\u00fan la\u00a0Encuesta de Informaci\u00f3n Laboral (EIL), el nivel de empleo [&hellip;]<\/p>\n","protected":false},"author":3,"featured_media":113280,"comment_status":"open","ping_status":"open","sticky":false,"template":"","format":"standard","meta":{"footnotes":""},"categories":[7],"tags":[],"class_list":{"0":"post-117311","1":"post","2":"type-post","3":"status-publish","4":"format-standard","5":"has-post-thumbnail","7":"category-nac"},"_links":{"self":[{"href":"https:\/\/primicias2262.com\/noticias\/wp-json\/wp\/v2\/posts\/117311","targetHints":{"allow":["GET"]}}],"collection":[{"href":"https:\/\/primicias2262.com\/noticias\/wp-json\/wp\/v2\/posts"}],"about":[{"href":"https:\/\/primicias2262.com\/noticias\/wp-json\/wp\/v2\/types\/post"}],"author":[{"embeddable":true,"href":"https:\/\/primicias2262.com\/noticias\/wp-json\/wp\/v2\/users\/3"}],"replies":[{"embeddable":true,"href":"https:\/\/primicias2262.com\/noticias\/wp-json\/wp\/v2\/comments?post=117311"}],"version-history":[{"count":1,"href":"https:\/\/primicias2262.com\/noticias\/wp-json\/wp\/v2\/posts\/117311\/revisions"}],"predecessor-version":[{"id":117312,"href":"https:\/\/primicias2262.com\/noticias\/wp-json\/wp\/v2\/posts\/117311\/revisions\/117312"}],"wp:featuredmedia":[{"embeddable":true,"href":"https:\/\/primicias2262.com\/noticias\/wp-json\/wp\/v2\/media\/113280"}],"wp:attachment":[{"href":"https:\/\/primicias2262.com\/noticias\/wp-json\/wp\/v2\/media?parent=117311"}],"wp:term":[{"taxonomy":"category","embeddable":true,"href":"https:\/\/primicias2262.com\/noticias\/wp-json\/wp\/v2\/categories?post=117311"},{"taxonomy":"post_tag","embeddable":true,"href":"https:\/\/primicias2262.com\/noticias\/wp-json\/wp\/v2\/tags?post=117311"}],"curies":[{"name":"wp","href":"https:\/\/api.w.org\/{rel}","templated":true}]}}